{"id":7013,"date":"2026-09-03T20:19:36","date_gmt":"2026-09-03T20:19:36","guid":{"rendered":"https:\/\/gioppoeconti.com.br\/blog\/?p=7013"},"modified":"2026-09-03T20:19:37","modified_gmt":"2026-09-03T20:19:37","slug":"diversificacao-internacional","status":"publish","type":"post","link":"https:\/\/gioppoeconti.com.br\/blog\/diversificacao-internacional\/","title":{"rendered":"O que a elite global entende sobre diversifica\u00e7\u00e3o internacional"},"content":{"rendered":"\n<p><\/p>\n\n\n\n<p>Durante muito tempo, o mercado financeiro concentrou boa parte das discuss\u00f5es sobre diversifica\u00e7\u00e3o.<\/p>\n\n\n\n<p>Distribuir investimentos entre diferentes ativos, mercados e regi\u00f5es sempre foi uma estrat\u00e9gia importante para reduzir riscos e proteger recursos no longo prazo.<\/p>\n\n\n\n<p>No entanto, o cen\u00e1rio internacional ampliou esse conceito.<\/p>\n\n\n\n<p>Hoje, fam\u00edlias de alta renda passaram a enxergar a <strong>diversifica\u00e7\u00e3o internacional<\/strong> de forma mais ampla. Al\u00e9m do patrim\u00f4nio financeiro, elas consideram mobilidade, presen\u00e7a global, acesso jur\u00eddico a diferentes pa\u00edses e constru\u00e7\u00e3o de alternativas fora de uma \u00fanica realidade geogr\u00e1fica.<\/p>\n\n\n\n<p>Por isso, a cidadania europeia ganhou espa\u00e7o dentro do planejamento internacional de muitas fam\u00edlias ao redor do mundo.<\/p>\n\n\n\n<h2 class=\"wp-block-heading\">O conceito de seguran\u00e7a se tornou mais amplo<\/h2>\n\n\n\n<p>Os \u00faltimos anos mostraram que instabilidade pol\u00edtica, econ\u00f4mica e institucional pode surgir rapidamente em diferentes regi\u00f5es.<\/p>\n\n\n\n<p>Al\u00e9m disso, mudan\u00e7as legislativas, oscila\u00e7\u00f5es econ\u00f4micas, restri\u00e7\u00f5es migrat\u00f3rias e transforma\u00e7\u00f5es globais refor\u00e7aram a necessidade de reduzir a depend\u00eancia de um \u00fanico pa\u00eds.<\/p>\n\n\n\n<p>Nesse contexto, a <strong>diversifica\u00e7\u00e3o internacional<\/strong> deixou de representar apenas expans\u00e3o financeira.<\/p>\n\n\n\n<p>Ela tamb\u00e9m passou a envolver liberdade de escolha.<\/p>\n\n\n\n<p>Na pr\u00e1tica, isso significa poder viver, circular, estudar, investir ou estruturar projetos familiares em diferentes pa\u00edses.<\/p>\n\n\n\n<p>Consequentemente, a mobilidade internacional passou a ocupar um papel cada vez mais relevante dentro de estrat\u00e9gias de longo prazo.<\/p>\n\n\n\n<h2 class=\"wp-block-heading\">A nova gera\u00e7\u00e3o de fam\u00edlias globais pensa em acesso<\/h2>\n\n\n\n<p>A forma como fam\u00edlias internacionais estruturam o futuro tamb\u00e9m mudou.<\/p>\n\n\n\n<p>Antes, a ideia de internacionaliza\u00e7\u00e3o costumava estar ligada principalmente a neg\u00f3cios ou investimentos no exterior.<\/p>\n\n\n\n<p>Hoje, por\u00e9m, o conceito envolve muito mais.<\/p>\n\n\n\n<p>Fam\u00edlias globais passaram a considerar cidadania, resid\u00eancia, presen\u00e7a europeia e liberdade geogr\u00e1fica como partes de uma estrutura internacional mais ampla.<\/p>\n\n\n\n<p>Dessa forma, elas constroem alternativas antes mesmo de existir uma necessidade imediata de mudan\u00e7a.<\/p>\n\n\n\n<p>A internacionaliza\u00e7\u00e3o, portanto, n\u00e3o come\u00e7a apenas quando algu\u00e9m decide sair do pa\u00eds.<\/p>\n\n\n\n<p>Ela come\u00e7a quando uma fam\u00edlia cria possibilidades reais de acesso global.<\/p>\n\n\n\n<h2 class=\"wp-block-heading\">Cidadania europeia passou a integrar o planejamento internacional<\/h2>\n\n\n\n<p>Durante muito tempo, muitas pessoas trataram a cidadania europeia apenas como um reconhecimento de origem familiar.<\/p>\n\n\n\n<p>No entanto, essa percep\u00e7\u00e3o mudou.<\/p>\n\n\n\n<p>Atualmente, a cidadania portuguesa e a cidadania italiana podem integrar uma estrat\u00e9gia internacional mais ampla, principalmente para fam\u00edlias que buscam mobilidade, previsibilidade jur\u00eddica e acesso \u00e0 Uni\u00e3o Europeia.<\/p>\n\n\n\n<p>Mais do que um documento, a cidadania pode representar presen\u00e7a internacional leg\u00edtima.<\/p>\n\n\n\n<p>Al\u00e9m disso, em um cen\u00e1rio global cada vez mais din\u00e2mico, possuir acesso jur\u00eddico a diferentes regi\u00f5es do mundo amplia a capacidade de escolha.<\/p>\n\n\n\n<p>Por esse motivo, o reconhecimento da cidadania passou a ocupar um espa\u00e7o relevante dentro do planejamento de fam\u00edlias que pensam no longo prazo.<\/p>\n\n\n\n<h2 class=\"wp-block-heading\">Diversificar tamb\u00e9m significa reduzir depend\u00eancia<\/h2>\n\n\n\n<p>Um dos principais aprendizados das fam\u00edlias globais \u00e9 simples: depender exclusivamente de um \u00fanico cen\u00e1rio econ\u00f4mico, jur\u00eddico ou geogr\u00e1fico pode aumentar a vulnerabilidade.<\/p>\n\n\n\n<p>Por isso, muitas delas buscam formas de ampliar possibilidades internacionais de maneira estruturada.<\/p>\n\n\n\n<p>Isso n\u00e3o significa abandonar suas origens.<\/p>\n\n\n\n<p>Tamb\u00e9m n\u00e3o significa criar um plano imediato de mudan\u00e7a.<\/p>\n\n\n\n<p>Significa construir liberdade de escolha.<\/p>\n\n\n\n<p>Essa liberdade pode envolver decidir onde estudar, investir, empreender, viver ou desenvolver projetos futuros sem depender exclusivamente das limita\u00e7\u00f5es de um \u00fanico pa\u00eds.<\/p>\n\n\n\n<p>Nesse sentido, a mobilidade internacional passou a integrar a pr\u00f3pria ideia de prote\u00e7\u00e3o patrimonial e planejamento familiar.<\/p>\n\n\n\n<h2 class=\"wp-block-heading\">Diversifica\u00e7\u00e3o internacional tamb\u00e9m envolve planejamento de gera\u00e7\u00f5es<\/h2>\n\n\n\n<p>Outro ponto importante \u00e9 que muitas fam\u00edlias n\u00e3o pensam apenas no presente.<\/p>\n\n\n\n<p>Elas tamb\u00e9m analisam como determinadas decis\u00f5es podem impactar filhos, netos e futuras gera\u00e7\u00f5es.<\/p>\n\n\n\n<p>Nesse contexto, cidadania, resid\u00eancia e presen\u00e7a internacional podem fazer parte de uma estrat\u00e9gia de continuidade familiar.<\/p>\n\n\n\n<p>Al\u00e9m disso, estruturar essas possibilidades com anteced\u00eancia reduz a necessidade de tomar decis\u00f5es sob press\u00e3o no futuro.<\/p>\n\n\n\n<p>Por exemplo, uma fam\u00edlia que j\u00e1 possui acesso jur\u00eddico \u00e0 Europa pode ampliar suas alternativas acad\u00eamicas, profissionais e geogr\u00e1ficas ao longo das gera\u00e7\u00f5es.<\/p>\n\n\n\n<p>Assim, a diversifica\u00e7\u00e3o deixa de ser apenas financeira e passa a incorporar acesso, mobilidade e continuidade.<\/p>\n\n\n\n<h2 class=\"wp-block-heading\">Diversifica\u00e7\u00e3o internacional n\u00e3o significa dispers\u00e3o<\/h2>\n\n\n\n<p>Existe uma diferen\u00e7a importante entre diversificar e simplesmente distribuir recursos ou decis\u00f5es em diferentes pa\u00edses.<\/p>\n\n\n\n<p>Uma estrat\u00e9gia internacional precisa ter coer\u00eancia.<\/p>\n\n\n\n<p>Por isso, antes de buscar cidadania, resid\u00eancia, investimentos ou im\u00f3veis no exterior, a fam\u00edlia precisa compreender seus objetivos.<\/p>\n\n\n\n<p>\u00c9 importante avaliar, entre outros pontos:<\/p>\n\n\n\n<ul class=\"wp-block-list\">\n<li>quais pa\u00edses fazem sentido dentro da estrat\u00e9gia familiar;<\/li>\n\n\n\n<li>quais v\u00ednculos jur\u00eddicos j\u00e1 existem;<\/li>\n\n\n\n<li>qual \u00e9 o horizonte de longo prazo;<\/li>\n\n\n\n<li>quais oportunidades a fam\u00edlia pretende criar;<\/li>\n\n\n\n<li>como mobilidade, patrim\u00f4nio e sucess\u00e3o se conectam;<\/li>\n\n\n\n<li>quais riscos podem surgir em cada cen\u00e1rio.<\/li>\n<\/ul>\n\n\n\n<p>Dessa forma, a diversifica\u00e7\u00e3o internacional deixa de ser uma cole\u00e7\u00e3o de ativos ou documentos e passa a funcionar como uma estrutura integrada.<\/p>\n\n\n\n<h2 class=\"wp-block-heading\">O futuro favorece fam\u00edlias com maior capacidade de adapta\u00e7\u00e3o<\/h2>\n\n\n\n<p>Em um cen\u00e1rio global marcado por transforma\u00e7\u00f5es r\u00e1pidas, a capacidade de adapta\u00e7\u00e3o ganhou import\u00e2ncia estrat\u00e9gica.<\/p>\n\n\n\n<p>Por esse motivo, fam\u00edlias internacionais passaram a construir estruturas que funcionem em diferentes contextos econ\u00f4micos, pol\u00edticos e sociais.<\/p>\n\n\n\n<p>Esse talvez seja um dos principais pontos que a elite global entende sobre diversifica\u00e7\u00e3o internacional.<\/p>\n\n\n\n<p>O conceito n\u00e3o est\u00e1 ligado apenas \u00e0 prote\u00e7\u00e3o financeira.<\/p>\n\n\n\n<p>Ele tamb\u00e9m envolve a prote\u00e7\u00e3o de alternativas, mobilidade e acesso.<\/p>\n\n\n\n<p>Em vez de concentrar todas as possibilidades em um \u00fanico pa\u00eds, fam\u00edlias globais ampliam sua capacidade de escolha e reduzem depend\u00eancias.<\/p>\n\n\n\n<p>No final, diversificar internacionalmente n\u00e3o significa apenas tomar decis\u00f5es sobre o presente.<\/p>\n\n\n\n<p>Significa preparar o futuro com mais liberdade, previsibilidade e acesso ao mundo.<\/p>\n\n\n\n<p><\/p>\n","protected":false},"excerpt":{"rendered":"<p>Durante muito tempo, o mercado financeiro concentrou boa parte das discuss\u00f5es sobre diversifica\u00e7\u00e3o. Distribuir investimentos entre diferentes ativos, mercados e regi\u00f5es sempre foi uma estrat\u00e9gia importante para reduzir riscos e proteger recursos no longo prazo. No entanto, o cen\u00e1rio internacional ampliou esse conceito. Hoje, fam\u00edlias de alta renda passaram a enxergar a diversifica\u00e7\u00e3o internacional de&hellip;&nbsp;<a href=\"https:\/\/gioppoeconti.com.br\/blog\/diversificacao-internacional\/\" rel=\"bookmark\"><span class=\"screen-reader-text\">O que a elite global entende sobre diversifica\u00e7\u00e3o internacional<\/span><\/a><\/p>\n","protected":false},"author":3,"featured_media":6977,"comment_status":"open","ping_status":"open","sticky":false,"template":"","format":"standard","meta":{"neve_meta_sidebar":"","neve_meta_container":"","neve_meta_enable_content_width":"","neve_meta_content_width":0,"neve_meta_title_alignment":"","neve_meta_author_avatar":"","neve_post_elements_order":"","neve_meta_disable_header":"","neve_meta_disable_footer":"","neve_meta_disable_title":"","footnotes":""},"categories":[3],"tags":[],"class_list":["post-7013","post","type-post","status-publish","format-standard","has-post-thumbnail","hentry","category-cidadania-europeia"],"yoast_head":"<!-- This site is optimized with the Yoast SEO plugin v28.1 - https:\/\/yoast.com\/product\/yoast-seo-wordpress\/ -->\n<title>O que a elite global entende sobre diversifica\u00e7\u00e3o internacional - Blog<\/title>\n<meta name=\"description\" content=\"Entenda como a diversifica\u00e7\u00e3o internacional amplia mobilidade, acesso global e planejamento de longo prazo para fam\u00edlias.\" \/>\n<meta name=\"robots\" content=\"index, follow, max-snippet:-1, max-image-preview:large, max-video-preview:-1\" \/>\n<link rel=\"canonical\" href=\"https:\/\/gioppoeconti.com.br\/blog\/diversificacao-internacional\/\" \/>\n<meta property=\"og:locale\" content=\"pt_BR\" \/>\n<meta property=\"og:type\" content=\"article\" \/>\n<meta property=\"og:title\" content=\"O que a elite global entende sobre diversifica\u00e7\u00e3o internacional - Blog\" \/>\n<meta property=\"og:description\" content=\"Entenda como a diversifica\u00e7\u00e3o internacional amplia mobilidade, acesso global e planejamento de longo prazo para fam\u00edlias.\" \/>\n<meta property=\"og:url\" content=\"https:\/\/gioppoeconti.com.br\/blog\/diversificacao-internacional\/\" \/>\n<meta property=\"og:site_name\" content=\"Blog\" \/>\n<meta property=\"article:published_time\" content=\"2026-09-03T20:19:36+00:00\" \/>\n<meta property=\"article:modified_time\" content=\"2026-09-03T20:19:37+00:00\" \/>\n<meta property=\"og:image\" content=\"https:\/\/gioppoeconti.com.br\/blog\/wp-content\/uploads\/2026\/07\/ChatGPT-Image-30-de-jul.-de-2026-14_15_48-4.png\" \/>\n\t<meta property=\"og:image:width\" content=\"1672\" \/>\n\t<meta property=\"og:image:height\" content=\"941\" \/>\n\t<meta property=\"og:image:type\" content=\"image\/png\" \/>\n<meta name=\"author\" content=\"Gioppo&amp;Conti\" \/>\n<meta name=\"twitter:card\" content=\"summary_large_image\" \/>\n<meta name=\"twitter:label1\" content=\"Escrito por\" \/>\n\t<meta name=\"twitter:data1\" content=\"Gioppo&amp;Conti\" \/>\n\t<meta name=\"twitter:label2\" content=\"Est. tempo de leitura\" \/>\n\t<meta name=\"twitter:data2\" content=\"5 minutos\" \/>\n<script type=\"application\/ld+json\" class=\"yoast-schema-graph\">{\"@context\":\"https:\\\/\\\/schema.org\",\"@graph\":[{\"@type\":\"Article\",\"@id\":\"https:\\\/\\\/gioppoeconti.com.br\\\/blog\\\/diversificacao-internacional\\\/#article\",\"isPartOf\":{\"@id\":\"https:\\\/\\\/gioppoeconti.com.br\\\/blog\\\/diversificacao-internacional\\\/\"},\"author\":{\"name\":\"Gioppo&amp;Conti\",\"@id\":\"https:\\\/\\\/gioppoeconti.com.br\\\/blog\\\/#\\\/schema\\\/person\\\/55f24671052a48aa461627c2a1de9efa\"},\"headline\":\"O que a elite global entende sobre diversifica\u00e7\u00e3o internacional\",\"datePublished\":\"2026-09-03T20:19:36+00:00\",\"dateModified\":\"2026-09-03T20:19:37+00:00\",\"mainEntityOfPage\":{\"@id\":\"https:\\\/\\\/gioppoeconti.com.br\\\/blog\\\/diversificacao-internacional\\\/\"},\"wordCount\":1001,\"commentCount\":0,\"image\":{\"@id\":\"https:\\\/\\\/gioppoeconti.com.br\\\/blog\\\/diversificacao-internacional\\\/#primaryimage\"},\"thumbnailUrl\":\"https:\\\/\\\/gioppoeconti.com.br\\\/blog\\\/wp-content\\\/uploads\\\/2026\\\/07\\\/ChatGPT-Image-30-de-jul.-de-2026-14_15_48-4.png\",\"articleSection\":[\"Cidadania Europeia\"],\"inLanguage\":\"pt-BR\",\"potentialAction\":[{\"@type\":\"CommentAction\",\"name\":\"Comment\",\"target\":[\"https:\\\/\\\/gioppoeconti.com.br\\\/blog\\\/diversificacao-internacional\\\/#respond\"]}]},{\"@type\":\"WebPage\",\"@id\":\"https:\\\/\\\/gioppoeconti.com.br\\\/blog\\\/diversificacao-internacional\\\/\",\"url\":\"https:\\\/\\\/gioppoeconti.com.br\\\/blog\\\/diversificacao-internacional\\\/\",\"name\":\"O que a elite global entende sobre diversifica\u00e7\u00e3o internacional - Blog\",\"isPartOf\":{\"@id\":\"https:\\\/\\\/gioppoeconti.com.br\\\/blog\\\/#website\"},\"primaryImageOfPage\":{\"@id\":\"https:\\\/\\\/gioppoeconti.com.br\\\/blog\\\/diversificacao-internacional\\\/#primaryimage\"},\"image\":{\"@id\":\"https:\\\/\\\/gioppoeconti.com.br\\\/blog\\\/diversificacao-internacional\\\/#primaryimage\"},\"thumbnailUrl\":\"https:\\\/\\\/gioppoeconti.com.br\\\/blog\\\/wp-content\\\/uploads\\\/2026\\\/07\\\/ChatGPT-Image-30-de-jul.-de-2026-14_15_48-4.png\",\"datePublished\":\"2026-09-03T20:19:36+00:00\",\"dateModified\":\"2026-09-03T20:19:37+00:00\",\"author\":{\"@id\":\"https:\\\/\\\/gioppoeconti.com.br\\\/blog\\\/#\\\/schema\\\/person\\\/55f24671052a48aa461627c2a1de9efa\"},\"description\":\"Entenda como a diversifica\u00e7\u00e3o internacional amplia mobilidade, acesso global e planejamento de longo prazo para fam\u00edlias.\",\"breadcrumb\":{\"@id\":\"https:\\\/\\\/gioppoeconti.com.br\\\/blog\\\/diversificacao-internacional\\\/#breadcrumb\"},\"inLanguage\":\"pt-BR\",\"potentialAction\":[{\"@type\":\"ReadAction\",\"target\":[\"https:\\\/\\\/gioppoeconti.com.br\\\/blog\\\/diversificacao-internacional\\\/\"]}]},{\"@type\":\"ImageObject\",\"inLanguage\":\"pt-BR\",\"@id\":\"https:\\\/\\\/gioppoeconti.com.br\\\/blog\\\/diversificacao-internacional\\\/#primaryimage\",\"url\":\"https:\\\/\\\/gioppoeconti.com.br\\\/blog\\\/wp-content\\\/uploads\\\/2026\\\/07\\\/ChatGPT-Image-30-de-jul.-de-2026-14_15_48-4.png\",\"contentUrl\":\"https:\\\/\\\/gioppoeconti.com.br\\\/blog\\\/wp-content\\\/uploads\\\/2026\\\/07\\\/ChatGPT-Image-30-de-jul.-de-2026-14_15_48-4.png\",\"width\":1672,\"height\":941},{\"@type\":\"BreadcrumbList\",\"@id\":\"https:\\\/\\\/gioppoeconti.com.br\\\/blog\\\/diversificacao-internacional\\\/#breadcrumb\",\"itemListElement\":[{\"@type\":\"ListItem\",\"position\":1,\"name\":\"In\u00edcio\",\"item\":\"https:\\\/\\\/gioppoeconti.com.br\\\/blog\\\/\"},{\"@type\":\"ListItem\",\"position\":2,\"name\":\"O que a elite global entende sobre diversifica\u00e7\u00e3o internacional\"}]},{\"@type\":\"WebSite\",\"@id\":\"https:\\\/\\\/gioppoeconti.com.br\\\/blog\\\/#website\",\"url\":\"https:\\\/\\\/gioppoeconti.com.br\\\/blog\\\/\",\"name\":\"Blog\",\"description\":\"\",\"potentialAction\":[{\"@type\":\"SearchAction\",\"target\":{\"@type\":\"EntryPoint\",\"urlTemplate\":\"https:\\\/\\\/gioppoeconti.com.br\\\/blog\\\/?s={search_term_string}\"},\"query-input\":{\"@type\":\"PropertyValueSpecification\",\"valueRequired\":true,\"valueName\":\"search_term_string\"}}],\"inLanguage\":\"pt-BR\"},{\"@type\":\"Person\",\"@id\":\"https:\\\/\\\/gioppoeconti.com.br\\\/blog\\\/#\\\/schema\\\/person\\\/55f24671052a48aa461627c2a1de9efa\",\"name\":\"Gioppo&amp;Conti\",\"image\":{\"@type\":\"ImageObject\",\"inLanguage\":\"pt-BR\",\"@id\":\"https:\\\/\\\/secure.gravatar.com\\\/avatar\\\/d62a93f131d21a85c7120e092fd5f94529d341aaad01f916df6bbb87b7f3bfeb?s=96&d=mm&r=g\",\"url\":\"https:\\\/\\\/secure.gravatar.com\\\/avatar\\\/d62a93f131d21a85c7120e092fd5f94529d341aaad01f916df6bbb87b7f3bfeb?s=96&d=mm&r=g\",\"contentUrl\":\"https:\\\/\\\/secure.gravatar.com\\\/avatar\\\/d62a93f131d21a85c7120e092fd5f94529d341aaad01f916df6bbb87b7f3bfeb?s=96&d=mm&r=g\",\"caption\":\"Gioppo&amp;Conti\"},\"url\":\"https:\\\/\\\/gioppoeconti.com.br\\\/blog\\\/author\\\/blog\\\/\"}]}<\/script>\n<!-- \/ Yoast SEO plugin. -->","yoast_head_json":{"title":"O que a elite global entende sobre diversifica\u00e7\u00e3o internacional - Blog","description":"Entenda como a diversifica\u00e7\u00e3o internacional amplia mobilidade, acesso global e planejamento de longo prazo para fam\u00edlias.","robots":{"index":"index","follow":"follow","max-snippet":"max-snippet:-1","max-image-preview":"max-image-preview:large","max-video-preview":"max-video-preview:-1"},"canonical":"https:\/\/gioppoeconti.com.br\/blog\/diversificacao-internacional\/","og_locale":"pt_BR","og_type":"article","og_title":"O que a elite global entende sobre diversifica\u00e7\u00e3o internacional - Blog","og_description":"Entenda como a diversifica\u00e7\u00e3o internacional amplia mobilidade, acesso global e planejamento de longo prazo para fam\u00edlias.","og_url":"https:\/\/gioppoeconti.com.br\/blog\/diversificacao-internacional\/","og_site_name":"Blog","article_published_time":"2026-09-03T20:19:36+00:00","article_modified_time":"2026-09-03T20:19:37+00:00","og_image":[{"width":1672,"height":941,"url":"https:\/\/gioppoeconti.com.br\/blog\/wp-content\/uploads\/2026\/07\/ChatGPT-Image-30-de-jul.-de-2026-14_15_48-4.png","type":"image\/png"}],"author":"Gioppo&amp;Conti","twitter_card":"summary_large_image","twitter_misc":{"Escrito por":"Gioppo&amp;Conti","Est. tempo de leitura":"5 minutos"},"schema":{"@context":"https:\/\/schema.org","@graph":[{"@type":"Article","@id":"https:\/\/gioppoeconti.com.br\/blog\/diversificacao-internacional\/#article","isPartOf":{"@id":"https:\/\/gioppoeconti.com.br\/blog\/diversificacao-internacional\/"},"author":{"name":"Gioppo&amp;Conti","@id":"https:\/\/gioppoeconti.com.br\/blog\/#\/schema\/person\/55f24671052a48aa461627c2a1de9efa"},"headline":"O que a elite global entende sobre diversifica\u00e7\u00e3o internacional","datePublished":"2026-09-03T20:19:36+00:00","dateModified":"2026-09-03T20:19:37+00:00","mainEntityOfPage":{"@id":"https:\/\/gioppoeconti.com.br\/blog\/diversificacao-internacional\/"},"wordCount":1001,"commentCount":0,"image":{"@id":"https:\/\/gioppoeconti.com.br\/blog\/diversificacao-internacional\/#primaryimage"},"thumbnailUrl":"https:\/\/gioppoeconti.com.br\/blog\/wp-content\/uploads\/2026\/07\/ChatGPT-Image-30-de-jul.-de-2026-14_15_48-4.png","articleSection":["Cidadania Europeia"],"inLanguage":"pt-BR","potentialAction":[{"@type":"CommentAction","name":"Comment","target":["https:\/\/gioppoeconti.com.br\/blog\/diversificacao-internacional\/#respond"]}]},{"@type":"WebPage","@id":"https:\/\/gioppoeconti.com.br\/blog\/diversificacao-internacional\/","url":"https:\/\/gioppoeconti.com.br\/blog\/diversificacao-internacional\/","name":"O que a elite global entende sobre diversifica\u00e7\u00e3o internacional - Blog","isPartOf":{"@id":"https:\/\/gioppoeconti.com.br\/blog\/#website"},"primaryImageOfPage":{"@id":"https:\/\/gioppoeconti.com.br\/blog\/diversificacao-internacional\/#primaryimage"},"image":{"@id":"https:\/\/gioppoeconti.com.br\/blog\/diversificacao-internacional\/#primaryimage"},"thumbnailUrl":"https:\/\/gioppoeconti.com.br\/blog\/wp-content\/uploads\/2026\/07\/ChatGPT-Image-30-de-jul.-de-2026-14_15_48-4.png","datePublished":"2026-09-03T20:19:36+00:00","dateModified":"2026-09-03T20:19:37+00:00","author":{"@id":"https:\/\/gioppoeconti.com.br\/blog\/#\/schema\/person\/55f24671052a48aa461627c2a1de9efa"},"description":"Entenda como a diversifica\u00e7\u00e3o internacional amplia mobilidade, acesso global e planejamento de longo prazo para fam\u00edlias.","breadcrumb":{"@id":"https:\/\/gioppoeconti.com.br\/blog\/diversificacao-internacional\/#breadcrumb"},"inLanguage":"pt-BR","potentialAction":[{"@type":"ReadAction","target":["https:\/\/gioppoeconti.com.br\/blog\/diversificacao-internacional\/"]}]},{"@type":"ImageObject","inLanguage":"pt-BR","@id":"https:\/\/gioppoeconti.com.br\/blog\/diversificacao-internacional\/#primaryimage","url":"https:\/\/gioppoeconti.com.br\/blog\/wp-content\/uploads\/2026\/07\/ChatGPT-Image-30-de-jul.-de-2026-14_15_48-4.png","contentUrl":"https:\/\/gioppoeconti.com.br\/blog\/wp-content\/uploads\/2026\/07\/ChatGPT-Image-30-de-jul.-de-2026-14_15_48-4.png","width":1672,"height":941},{"@type":"BreadcrumbList","@id":"https:\/\/gioppoeconti.com.br\/blog\/diversificacao-internacional\/#breadcrumb","itemListElement":[{"@type":"ListItem","position":1,"name":"In\u00edcio","item":"https:\/\/gioppoeconti.com.br\/blog\/"},{"@type":"ListItem","position":2,"name":"O que a elite global entende sobre diversifica\u00e7\u00e3o internacional"}]},{"@type":"WebSite","@id":"https:\/\/gioppoeconti.com.br\/blog\/#website","url":"https:\/\/gioppoeconti.com.br\/blog\/","name":"Blog","description":"","potentialAction":[{"@type":"SearchAction","target":{"@type":"EntryPoint","urlTemplate":"https:\/\/gioppoeconti.com.br\/blog\/?s={search_term_string}"},"query-input":{"@type":"PropertyValueSpecification","valueRequired":true,"valueName":"search_term_string"}}],"inLanguage":"pt-BR"},{"@type":"Person","@id":"https:\/\/gioppoeconti.com.br\/blog\/#\/schema\/person\/55f24671052a48aa461627c2a1de9efa","name":"Gioppo&amp;Conti","image":{"@type":"ImageObject","inLanguage":"pt-BR","@id":"https:\/\/secure.gravatar.com\/avatar\/d62a93f131d21a85c7120e092fd5f94529d341aaad01f916df6bbb87b7f3bfeb?s=96&d=mm&r=g","url":"https:\/\/secure.gravatar.com\/avatar\/d62a93f131d21a85c7120e092fd5f94529d341aaad01f916df6bbb87b7f3bfeb?s=96&d=mm&r=g","contentUrl":"https:\/\/secure.gravatar.com\/avatar\/d62a93f131d21a85c7120e092fd5f94529d341aaad01f916df6bbb87b7f3bfeb?s=96&d=mm&r=g","caption":"Gioppo&amp;Conti"},"url":"https:\/\/gioppoeconti.com.br\/blog\/author\/blog\/"}]}},"_links":{"self":[{"href":"https:\/\/gioppoeconti.com.br\/blog\/wp-json\/wp\/v2\/posts\/7013","targetHints":{"allow":["GET"]}}],"collection":[{"href":"https:\/\/gioppoeconti.com.br\/blog\/wp-json\/wp\/v2\/posts"}],"about":[{"href":"https:\/\/gioppoeconti.com.br\/blog\/wp-json\/wp\/v2\/types\/post"}],"author":[{"embeddable":true,"href":"https:\/\/gioppoeconti.com.br\/blog\/wp-json\/wp\/v2\/users\/3"}],"replies":[{"embeddable":true,"href":"https:\/\/gioppoeconti.com.br\/blog\/wp-json\/wp\/v2\/comments?post=7013"}],"version-history":[{"count":1,"href":"https:\/\/gioppoeconti.com.br\/blog\/wp-json\/wp\/v2\/posts\/7013\/revisions"}],"predecessor-version":[{"id":7014,"href":"https:\/\/gioppoeconti.com.br\/blog\/wp-json\/wp\/v2\/posts\/7013\/revisions\/7014"}],"wp:featuredmedia":[{"embeddable":true,"href":"https:\/\/gioppoeconti.com.br\/blog\/wp-json\/wp\/v2\/media\/6977"}],"wp:attachment":[{"href":"https:\/\/gioppoeconti.com.br\/blog\/wp-json\/wp\/v2\/media?parent=7013"}],"wp:term":[{"taxonomy":"category","embeddable":true,"href":"https:\/\/gioppoeconti.com.br\/blog\/wp-json\/wp\/v2\/categories?post=7013"},{"taxonomy":"post_tag","embeddable":true,"href":"https:\/\/gioppoeconti.com.br\/blog\/wp-json\/wp\/v2\/tags?post=7013"}],"curies":[{"name":"wp","href":"https:\/\/api.w.org\/{rel}","templated":true}]}}