{"id":6898,"date":"2026-04-30T15:13:03","date_gmt":"2026-04-30T15:13:03","guid":{"rendered":"https:\/\/gioppoeconti.com.br\/blog\/?p=6898"},"modified":"2026-04-30T15:13:03","modified_gmt":"2026-04-30T15:13:03","slug":"decisao-caso-turim-cidadania-italiana","status":"publish","type":"post","link":"https:\/\/gioppoeconti.com.br\/blog\/decisao-caso-turim-cidadania-italiana\/","title":{"rendered":"Decis\u00e3o sobre o caso de Turim: o que muda e o que n\u00e3o muda na cidadania italiana"},"content":{"rendered":"\n<p>A recente publica\u00e7\u00e3o da decis\u00e3o da Corte Constitucional italiana sobre o caso de Turim trouxe novas discuss\u00f5es ao cen\u00e1rio da cidadania italiana.<\/p>\n\n\n\n<p>No entanto, apesar da repercuss\u00e3o, \u00e9 fundamental esclarecer: <strong>o entendimento n\u00e3o representa uma ruptura definitiva no direito \u00e0 cidadania por descend\u00eancia<\/strong>.<\/p>\n\n\n\n<h2 class=\"wp-block-heading\"><strong>O que foi decidido<\/strong><\/h2>\n\n\n\n<p>A Corte Constitucional analisou a compatibilidade da legisla\u00e7\u00e3o recente&nbsp; conhecida como Decreto Tajani com o ordenamento jur\u00eddico italiano em rela\u00e7\u00e3o a uma an\u00e1lise espec\u00edfica de um caso de cidadania da regi\u00e3o de Turim.<\/p>\n\n\n\n<p>A decis\u00e3o manteve a validade da norma, o que significa que, neste momento, suas regras continuam em vigor.<\/p>\n\n\n\n<h2 class=\"wp-block-heading\"><strong>O que N\u00c3O mudou<\/strong><\/h2>\n\n\n\n<p>Apesar disso, \u00e9 essencial destacar que o princ\u00edpio do <em>iure sanguinis<\/em> ou direito de sangue <strong>n\u00e3o foi extinto<\/strong>.<\/p>\n\n\n\n<p>Esse princ\u00edpio continua sendo um dos pilares hist\u00f3ricos e jur\u00eddicos da cidadania italiana, com forte respaldo no sistema legal do pa\u00eds.<\/p>\n\n\n\n<p>Ou seja, a decis\u00e3o n\u00e3o elimina o direito origin\u00e1rio \u00e0 cidadania, mas apenas mant\u00e9m, por ora, a aplica\u00e7\u00e3o da legisla\u00e7\u00e3o em discuss\u00e3o.<\/p>\n\n\n\n<h2 class=\"wp-block-heading\"><strong>O cen\u00e1rio atual<\/strong><\/h2>\n\n\n\n<p>Na pr\u00e1tica, o cen\u00e1rio permanece inalterado:<\/p>\n\n\n\n<ul class=\"wp-block-list\">\n<li>O direito \u00e0 cidadania por descend\u00eancia continua existindo<\/li>\n\n\n\n<li>A legisla\u00e7\u00e3o restritiva segue v\u00e1lida temporariamente<\/li>\n\n\n\n<li>O tema ainda est\u00e1 em debate jur\u00eddico<\/li>\n<\/ul>\n\n\n\n<p>Isso significa que o momento atual ainda exige cautela e an\u00e1lise t\u00e9cnica individualizada.<\/p>\n\n\n\n<h2 class=\"wp-block-heading\"><strong>O pr\u00f3ximo passo: 09 de junho<\/strong><\/h2>\n\n\n\n<p>O julgamento previsto para o dia 09 de junho de 2026 ganha, agora, ainda mais relev\u00e2ncia.<\/p>\n\n\n\n<p>\u00c9 nesse momento que se espera uma avalia\u00e7\u00e3o mais aprofundada e potencialmente mais definitiva sobre os limites e a aplica\u00e7\u00e3o da legisla\u00e7\u00e3o.<\/p>\n\n\n\n<p>A decis\u00e3o sobre o caso de Turim n\u00e3o encerra, portanto, o debate e tampouco altera, de forma imediata, o direito \u00e0 cidadania italiana por descend\u00eancia.<\/p>\n\n\n\n<p>Mais do que nunca, o cen\u00e1rio exige interpreta\u00e7\u00e3o qualificada, estrat\u00e9gia jur\u00eddica e acompanhamento pr\u00f3ximo das decis\u00f5es que ainda est\u00e3o por vir.<\/p>\n","protected":false},"excerpt":{"rendered":"<p>A recente publica\u00e7\u00e3o da decis\u00e3o da Corte Constitucional italiana sobre o caso de Turim trouxe novas discuss\u00f5es ao cen\u00e1rio da cidadania italiana. No entanto, apesar da repercuss\u00e3o, \u00e9 fundamental esclarecer: o entendimento n\u00e3o representa uma ruptura definitiva no direito \u00e0 cidadania por descend\u00eancia. O que foi decidido A Corte Constitucional analisou a compatibilidade da legisla\u00e7\u00e3o&hellip;&nbsp;<a href=\"https:\/\/gioppoeconti.com.br\/blog\/decisao-caso-turim-cidadania-italiana\/\" rel=\"bookmark\"><span class=\"screen-reader-text\">Decis\u00e3o sobre o caso de Turim: o que muda e o que n\u00e3o muda na cidadania italiana<\/span><\/a><\/p>\n","protected":false},"author":3,"featured_media":6900,"comment_status":"open","ping_status":"open","sticky":false,"template":"","format":"standard","meta":{"neve_meta_sidebar":"","neve_meta_container":"","neve_meta_enable_content_width":"","neve_meta_content_width":0,"neve_meta_title_alignment":"","neve_meta_author_avatar":"","neve_post_elements_order":"","neve_meta_disable_header":"","neve_meta_disable_footer":"","neve_meta_disable_title":"","footnotes":""},"categories":[4,8],"tags":[17,21,23,124],"class_list":["post-6898","post","type-post","status-publish","format-standard","has-post-thumbnail","hentry","category-cidadania-italiana","category-noticias","tag-cidadania-italiana","tag-corte-constitucional","tag-decisao","tag-turim"],"yoast_head":"<!-- This site is optimized with the Yoast SEO plugin v27.4 - https:\/\/yoast.com\/product\/yoast-seo-wordpress\/ -->\n<title>Decis\u00e3o sobre o caso de Turim: o que muda e o que n\u00e3o muda na cidadania italiana - Blog<\/title>\n<meta name=\"description\" content=\"A recente publica\u00e7\u00e3o da decis\u00e3o da Corte Constitucional italiana sobre o caso de Turim trouxe novas discuss\u00f5es ao cen\u00e1rio da cidadania italiana.\" \/>\n<meta name=\"robots\" content=\"index, follow, max-snippet:-1, max-image-preview:large, max-video-preview:-1\" \/>\n<link rel=\"canonical\" href=\"https:\/\/gioppoeconti.com.br\/blog\/decisao-caso-turim-cidadania-italiana\/\" \/>\n<meta property=\"og:locale\" content=\"pt_BR\" \/>\n<meta property=\"og:type\" content=\"article\" \/>\n<meta property=\"og:title\" content=\"Decis\u00e3o sobre o caso de Turim: o que muda e o que n\u00e3o muda na cidadania italiana - Blog\" \/>\n<meta property=\"og:description\" content=\"A recente publica\u00e7\u00e3o da decis\u00e3o da Corte Constitucional italiana sobre o caso de Turim trouxe novas discuss\u00f5es ao cen\u00e1rio da cidadania italiana.\" \/>\n<meta property=\"og:url\" content=\"https:\/\/gioppoeconti.com.br\/blog\/decisao-caso-turim-cidadania-italiana\/\" \/>\n<meta property=\"og:site_name\" content=\"Blog\" \/>\n<meta property=\"article:published_time\" content=\"2026-04-30T15:13:03+00:00\" \/>\n<meta property=\"og:image\" content=\"https:\/\/gioppoeconti.com.br\/blog\/wp-content\/uploads\/2026\/04\/izhar-ahamed-ai-generated-9025803-scaled.jpg\" \/>\n\t<meta property=\"og:image:width\" content=\"2560\" \/>\n\t<meta property=\"og:image:height\" content=\"1463\" \/>\n\t<meta property=\"og:image:type\" content=\"image\/jpeg\" \/>\n<meta name=\"author\" content=\"Gioppo&amp;Conti\" \/>\n<meta name=\"twitter:card\" content=\"summary_large_image\" \/>\n<meta name=\"twitter:label1\" content=\"Escrito por\" \/>\n\t<meta name=\"twitter:data1\" content=\"Gioppo&amp;Conti\" \/>\n\t<meta name=\"twitter:label2\" content=\"Est. tempo de leitura\" \/>\n\t<meta name=\"twitter:data2\" content=\"2 minutos\" \/>\n<script type=\"application\/ld+json\" class=\"yoast-schema-graph\">{\"@context\":\"https:\\\/\\\/schema.org\",\"@graph\":[{\"@type\":\"Article\",\"@id\":\"https:\\\/\\\/gioppoeconti.com.br\\\/blog\\\/decisao-caso-turim-cidadania-italiana\\\/#article\",\"isPartOf\":{\"@id\":\"https:\\\/\\\/gioppoeconti.com.br\\\/blog\\\/decisao-caso-turim-cidadania-italiana\\\/\"},\"author\":{\"name\":\"Gioppo&amp;Conti\",\"@id\":\"https:\\\/\\\/gioppoeconti.com.br\\\/blog\\\/#\\\/schema\\\/person\\\/55f24671052a48aa461627c2a1de9efa\"},\"headline\":\"Decis\u00e3o sobre o caso de Turim: o que muda e o que n\u00e3o muda na cidadania italiana\",\"datePublished\":\"2026-04-30T15:13:03+00:00\",\"mainEntityOfPage\":{\"@id\":\"https:\\\/\\\/gioppoeconti.com.br\\\/blog\\\/decisao-caso-turim-cidadania-italiana\\\/\"},\"wordCount\":358,\"commentCount\":0,\"image\":{\"@id\":\"https:\\\/\\\/gioppoeconti.com.br\\\/blog\\\/decisao-caso-turim-cidadania-italiana\\\/#primaryimage\"},\"thumbnailUrl\":\"https:\\\/\\\/gioppoeconti.com.br\\\/blog\\\/wp-content\\\/uploads\\\/2026\\\/04\\\/izhar-ahamed-ai-generated-9025803-scaled.jpg\",\"keywords\":[\"cidadania italiana\",\"corte constitucional\",\"decis\u00e3o\",\"Turim\"],\"articleSection\":[\"Cidadania Italiana\",\"Not\u00edcias\"],\"inLanguage\":\"pt-BR\",\"potentialAction\":[{\"@type\":\"CommentAction\",\"name\":\"Comment\",\"target\":[\"https:\\\/\\\/gioppoeconti.com.br\\\/blog\\\/decisao-caso-turim-cidadania-italiana\\\/#respond\"]}]},{\"@type\":\"WebPage\",\"@id\":\"https:\\\/\\\/gioppoeconti.com.br\\\/blog\\\/decisao-caso-turim-cidadania-italiana\\\/\",\"url\":\"https:\\\/\\\/gioppoeconti.com.br\\\/blog\\\/decisao-caso-turim-cidadania-italiana\\\/\",\"name\":\"Decis\u00e3o sobre o caso de Turim: o que muda e o que n\u00e3o muda na cidadania italiana - Blog\",\"isPartOf\":{\"@id\":\"https:\\\/\\\/gioppoeconti.com.br\\\/blog\\\/#website\"},\"primaryImageOfPage\":{\"@id\":\"https:\\\/\\\/gioppoeconti.com.br\\\/blog\\\/decisao-caso-turim-cidadania-italiana\\\/#primaryimage\"},\"image\":{\"@id\":\"https:\\\/\\\/gioppoeconti.com.br\\\/blog\\\/decisao-caso-turim-cidadania-italiana\\\/#primaryimage\"},\"thumbnailUrl\":\"https:\\\/\\\/gioppoeconti.com.br\\\/blog\\\/wp-content\\\/uploads\\\/2026\\\/04\\\/izhar-ahamed-ai-generated-9025803-scaled.jpg\",\"datePublished\":\"2026-04-30T15:13:03+00:00\",\"author\":{\"@id\":\"https:\\\/\\\/gioppoeconti.com.br\\\/blog\\\/#\\\/schema\\\/person\\\/55f24671052a48aa461627c2a1de9efa\"},\"description\":\"A recente publica\u00e7\u00e3o da decis\u00e3o da Corte Constitucional italiana sobre o caso de Turim trouxe novas discuss\u00f5es ao cen\u00e1rio da cidadania italiana.\",\"breadcrumb\":{\"@id\":\"https:\\\/\\\/gioppoeconti.com.br\\\/blog\\\/decisao-caso-turim-cidadania-italiana\\\/#breadcrumb\"},\"inLanguage\":\"pt-BR\",\"potentialAction\":[{\"@type\":\"ReadAction\",\"target\":[\"https:\\\/\\\/gioppoeconti.com.br\\\/blog\\\/decisao-caso-turim-cidadania-italiana\\\/\"]}]},{\"@type\":\"ImageObject\",\"inLanguage\":\"pt-BR\",\"@id\":\"https:\\\/\\\/gioppoeconti.com.br\\\/blog\\\/decisao-caso-turim-cidadania-italiana\\\/#primaryimage\",\"url\":\"https:\\\/\\\/gioppoeconti.com.br\\\/blog\\\/wp-content\\\/uploads\\\/2026\\\/04\\\/izhar-ahamed-ai-generated-9025803-scaled.jpg\",\"contentUrl\":\"https:\\\/\\\/gioppoeconti.com.br\\\/blog\\\/wp-content\\\/uploads\\\/2026\\\/04\\\/izhar-ahamed-ai-generated-9025803-scaled.jpg\",\"width\":2560,\"height\":1463},{\"@type\":\"BreadcrumbList\",\"@id\":\"https:\\\/\\\/gioppoeconti.com.br\\\/blog\\\/decisao-caso-turim-cidadania-italiana\\\/#breadcrumb\",\"itemListElement\":[{\"@type\":\"ListItem\",\"position\":1,\"name\":\"In\u00edcio\",\"item\":\"https:\\\/\\\/gioppoeconti.com.br\\\/blog\\\/\"},{\"@type\":\"ListItem\",\"position\":2,\"name\":\"Decis\u00e3o sobre o caso de Turim: o que muda e o que n\u00e3o muda na cidadania italiana\"}]},{\"@type\":\"WebSite\",\"@id\":\"https:\\\/\\\/gioppoeconti.com.br\\\/blog\\\/#website\",\"url\":\"https:\\\/\\\/gioppoeconti.com.br\\\/blog\\\/\",\"name\":\"Blog\",\"description\":\"\",\"potentialAction\":[{\"@type\":\"SearchAction\",\"target\":{\"@type\":\"EntryPoint\",\"urlTemplate\":\"https:\\\/\\\/gioppoeconti.com.br\\\/blog\\\/?s={search_term_string}\"},\"query-input\":{\"@type\":\"PropertyValueSpecification\",\"valueRequired\":true,\"valueName\":\"search_term_string\"}}],\"inLanguage\":\"pt-BR\"},{\"@type\":\"Person\",\"@id\":\"https:\\\/\\\/gioppoeconti.com.br\\\/blog\\\/#\\\/schema\\\/person\\\/55f24671052a48aa461627c2a1de9efa\",\"name\":\"Gioppo&amp;Conti\",\"image\":{\"@type\":\"ImageObject\",\"inLanguage\":\"pt-BR\",\"@id\":\"https:\\\/\\\/secure.gravatar.com\\\/avatar\\\/d62a93f131d21a85c7120e092fd5f94529d341aaad01f916df6bbb87b7f3bfeb?s=96&d=mm&r=g\",\"url\":\"https:\\\/\\\/secure.gravatar.com\\\/avatar\\\/d62a93f131d21a85c7120e092fd5f94529d341aaad01f916df6bbb87b7f3bfeb?s=96&d=mm&r=g\",\"contentUrl\":\"https:\\\/\\\/secure.gravatar.com\\\/avatar\\\/d62a93f131d21a85c7120e092fd5f94529d341aaad01f916df6bbb87b7f3bfeb?s=96&d=mm&r=g\",\"caption\":\"Gioppo&amp;Conti\"},\"url\":\"https:\\\/\\\/gioppoeconti.com.br\\\/blog\\\/author\\\/blog\\\/\"}]}<\/script>\n<!-- \/ Yoast SEO plugin. -->","yoast_head_json":{"title":"Decis\u00e3o sobre o caso de Turim: o que muda e o que n\u00e3o muda na cidadania italiana - Blog","description":"A recente publica\u00e7\u00e3o da decis\u00e3o da Corte Constitucional italiana sobre o caso de Turim trouxe novas discuss\u00f5es ao cen\u00e1rio da cidadania italiana.","robots":{"index":"index","follow":"follow","max-snippet":"max-snippet:-1","max-image-preview":"max-image-preview:large","max-video-preview":"max-video-preview:-1"},"canonical":"https:\/\/gioppoeconti.com.br\/blog\/decisao-caso-turim-cidadania-italiana\/","og_locale":"pt_BR","og_type":"article","og_title":"Decis\u00e3o sobre o caso de Turim: o que muda e o que n\u00e3o muda na cidadania italiana - Blog","og_description":"A recente publica\u00e7\u00e3o da decis\u00e3o da Corte Constitucional italiana sobre o caso de Turim trouxe novas discuss\u00f5es ao cen\u00e1rio da cidadania italiana.","og_url":"https:\/\/gioppoeconti.com.br\/blog\/decisao-caso-turim-cidadania-italiana\/","og_site_name":"Blog","article_published_time":"2026-04-30T15:13:03+00:00","og_image":[{"width":2560,"height":1463,"url":"https:\/\/gioppoeconti.com.br\/blog\/wp-content\/uploads\/2026\/04\/izhar-ahamed-ai-generated-9025803-scaled.jpg","type":"image\/jpeg"}],"author":"Gioppo&amp;Conti","twitter_card":"summary_large_image","twitter_misc":{"Escrito por":"Gioppo&amp;Conti","Est. tempo de leitura":"2 minutos"},"schema":{"@context":"https:\/\/schema.org","@graph":[{"@type":"Article","@id":"https:\/\/gioppoeconti.com.br\/blog\/decisao-caso-turim-cidadania-italiana\/#article","isPartOf":{"@id":"https:\/\/gioppoeconti.com.br\/blog\/decisao-caso-turim-cidadania-italiana\/"},"author":{"name":"Gioppo&amp;Conti","@id":"https:\/\/gioppoeconti.com.br\/blog\/#\/schema\/person\/55f24671052a48aa461627c2a1de9efa"},"headline":"Decis\u00e3o sobre o caso de Turim: o que muda e o que n\u00e3o muda na cidadania italiana","datePublished":"2026-04-30T15:13:03+00:00","mainEntityOfPage":{"@id":"https:\/\/gioppoeconti.com.br\/blog\/decisao-caso-turim-cidadania-italiana\/"},"wordCount":358,"commentCount":0,"image":{"@id":"https:\/\/gioppoeconti.com.br\/blog\/decisao-caso-turim-cidadania-italiana\/#primaryimage"},"thumbnailUrl":"https:\/\/gioppoeconti.com.br\/blog\/wp-content\/uploads\/2026\/04\/izhar-ahamed-ai-generated-9025803-scaled.jpg","keywords":["cidadania italiana","corte constitucional","decis\u00e3o","Turim"],"articleSection":["Cidadania Italiana","Not\u00edcias"],"inLanguage":"pt-BR","potentialAction":[{"@type":"CommentAction","name":"Comment","target":["https:\/\/gioppoeconti.com.br\/blog\/decisao-caso-turim-cidadania-italiana\/#respond"]}]},{"@type":"WebPage","@id":"https:\/\/gioppoeconti.com.br\/blog\/decisao-caso-turim-cidadania-italiana\/","url":"https:\/\/gioppoeconti.com.br\/blog\/decisao-caso-turim-cidadania-italiana\/","name":"Decis\u00e3o sobre o caso de Turim: o que muda e o que n\u00e3o muda na cidadania italiana - Blog","isPartOf":{"@id":"https:\/\/gioppoeconti.com.br\/blog\/#website"},"primaryImageOfPage":{"@id":"https:\/\/gioppoeconti.com.br\/blog\/decisao-caso-turim-cidadania-italiana\/#primaryimage"},"image":{"@id":"https:\/\/gioppoeconti.com.br\/blog\/decisao-caso-turim-cidadania-italiana\/#primaryimage"},"thumbnailUrl":"https:\/\/gioppoeconti.com.br\/blog\/wp-content\/uploads\/2026\/04\/izhar-ahamed-ai-generated-9025803-scaled.jpg","datePublished":"2026-04-30T15:13:03+00:00","author":{"@id":"https:\/\/gioppoeconti.com.br\/blog\/#\/schema\/person\/55f24671052a48aa461627c2a1de9efa"},"description":"A recente publica\u00e7\u00e3o da decis\u00e3o da Corte Constitucional italiana sobre o caso de Turim trouxe novas discuss\u00f5es ao cen\u00e1rio da cidadania italiana.","breadcrumb":{"@id":"https:\/\/gioppoeconti.com.br\/blog\/decisao-caso-turim-cidadania-italiana\/#breadcrumb"},"inLanguage":"pt-BR","potentialAction":[{"@type":"ReadAction","target":["https:\/\/gioppoeconti.com.br\/blog\/decisao-caso-turim-cidadania-italiana\/"]}]},{"@type":"ImageObject","inLanguage":"pt-BR","@id":"https:\/\/gioppoeconti.com.br\/blog\/decisao-caso-turim-cidadania-italiana\/#primaryimage","url":"https:\/\/gioppoeconti.com.br\/blog\/wp-content\/uploads\/2026\/04\/izhar-ahamed-ai-generated-9025803-scaled.jpg","contentUrl":"https:\/\/gioppoeconti.com.br\/blog\/wp-content\/uploads\/2026\/04\/izhar-ahamed-ai-generated-9025803-scaled.jpg","width":2560,"height":1463},{"@type":"BreadcrumbList","@id":"https:\/\/gioppoeconti.com.br\/blog\/decisao-caso-turim-cidadania-italiana\/#breadcrumb","itemListElement":[{"@type":"ListItem","position":1,"name":"In\u00edcio","item":"https:\/\/gioppoeconti.com.br\/blog\/"},{"@type":"ListItem","position":2,"name":"Decis\u00e3o sobre o caso de Turim: o que muda e o que n\u00e3o muda na cidadania italiana"}]},{"@type":"WebSite","@id":"https:\/\/gioppoeconti.com.br\/blog\/#website","url":"https:\/\/gioppoeconti.com.br\/blog\/","name":"Blog","description":"","potentialAction":[{"@type":"SearchAction","target":{"@type":"EntryPoint","urlTemplate":"https:\/\/gioppoeconti.com.br\/blog\/?s={search_term_string}"},"query-input":{"@type":"PropertyValueSpecification","valueRequired":true,"valueName":"search_term_string"}}],"inLanguage":"pt-BR"},{"@type":"Person","@id":"https:\/\/gioppoeconti.com.br\/blog\/#\/schema\/person\/55f24671052a48aa461627c2a1de9efa","name":"Gioppo&amp;Conti","image":{"@type":"ImageObject","inLanguage":"pt-BR","@id":"https:\/\/secure.gravatar.com\/avatar\/d62a93f131d21a85c7120e092fd5f94529d341aaad01f916df6bbb87b7f3bfeb?s=96&d=mm&r=g","url":"https:\/\/secure.gravatar.com\/avatar\/d62a93f131d21a85c7120e092fd5f94529d341aaad01f916df6bbb87b7f3bfeb?s=96&d=mm&r=g","contentUrl":"https:\/\/secure.gravatar.com\/avatar\/d62a93f131d21a85c7120e092fd5f94529d341aaad01f916df6bbb87b7f3bfeb?s=96&d=mm&r=g","caption":"Gioppo&amp;Conti"},"url":"https:\/\/gioppoeconti.com.br\/blog\/author\/blog\/"}]}},"_links":{"self":[{"href":"https:\/\/gioppoeconti.com.br\/blog\/wp-json\/wp\/v2\/posts\/6898","targetHints":{"allow":["GET"]}}],"collection":[{"href":"https:\/\/gioppoeconti.com.br\/blog\/wp-json\/wp\/v2\/posts"}],"about":[{"href":"https:\/\/gioppoeconti.com.br\/blog\/wp-json\/wp\/v2\/types\/post"}],"author":[{"embeddable":true,"href":"https:\/\/gioppoeconti.com.br\/blog\/wp-json\/wp\/v2\/users\/3"}],"replies":[{"embeddable":true,"href":"https:\/\/gioppoeconti.com.br\/blog\/wp-json\/wp\/v2\/comments?post=6898"}],"version-history":[{"count":1,"href":"https:\/\/gioppoeconti.com.br\/blog\/wp-json\/wp\/v2\/posts\/6898\/revisions"}],"predecessor-version":[{"id":6901,"href":"https:\/\/gioppoeconti.com.br\/blog\/wp-json\/wp\/v2\/posts\/6898\/revisions\/6901"}],"wp:featuredmedia":[{"embeddable":true,"href":"https:\/\/gioppoeconti.com.br\/blog\/wp-json\/wp\/v2\/media\/6900"}],"wp:attachment":[{"href":"https:\/\/gioppoeconti.com.br\/blog\/wp-json\/wp\/v2\/media?parent=6898"}],"wp:term":[{"taxonomy":"category","embeddable":true,"href":"https:\/\/gioppoeconti.com.br\/blog\/wp-json\/wp\/v2\/categories?post=6898"},{"taxonomy":"post_tag","embeddable":true,"href":"https:\/\/gioppoeconti.com.br\/blog\/wp-json\/wp\/v2\/tags?post=6898"}],"curies":[{"name":"wp","href":"https:\/\/api.w.org\/{rel}","templated":true}]}}