{"id":6837,"date":"2026-03-16T14:59:33","date_gmt":"2026-03-16T14:59:33","guid":{"rendered":"https:\/\/gioppoeconti.com.br\/blog\/?p=6837"},"modified":"2026-03-16T15:20:27","modified_gmt":"2026-03-16T15:20:27","slug":"cnn-corte-restricao-cidadania-italiana","status":"publish","type":"post","link":"https:\/\/gioppoeconti.com.br\/blog\/cnn-corte-restricao-cidadania-italiana\/","title":{"rendered":"Corte da It\u00e1lia rejeita recurso e mant\u00e9m restri\u00e7\u00f5es \u00e0 cidadania italiana"},"content":{"rendered":"\n<p><strong>CNN<br>12\/03\/2026<\/strong><\/p>\n\n\n\n<p>O advogado\u00a0<strong>F\u00e1bio Gioppo<\/strong>\u00a0ressaltou que outros casos sobre a lei que\u00a0restringiu a cidadania italiana ainda ser\u00e3o julgados<a href=\"https:\/\/www.cnnbrasil.com.br\/internacional\/corte-constitucional-da-italia-rejeita-limitar-cidadania-por-descendencia\/\" target=\"_blank\" rel=\"noreferrer noopener\">,<\/a>\u00a0inclusive pela pr\u00f3pria Corte Constitucional.<\/p>\n\n\n\n<p>Segundo o especialista, a corte far\u00e1 uma avalia\u00e7\u00e3o sobre processos dos tribunais de Mantova e Campobasso no dia 9 de junho.<\/p>\n\n\n\n<p>Previamente, em 14 de abril, a Corte de Cassa\u00e7\u00e3o da It\u00e1lia tamb\u00e9m deve fazer um julgamento sobre o caso, ainda de acordo com Gioppo.<\/p>\n\n\n\n<p><\/p>\n\n\n\n<p>Confira reportagem completa <a href=\"https:\/\/www.cnnbrasil.com.br\/internacional\/corte-da-italia-rejeita-recurso-e-mantem-restricoes-a-cidadania-italiana\/\">aqui.<\/a><\/p>\n\n\n\n<p><\/p>\n","protected":false},"excerpt":{"rendered":"<p>CNN12\/03\/2026 O advogado\u00a0F\u00e1bio Gioppo\u00a0ressaltou que outros casos sobre a lei que\u00a0restringiu a cidadania italiana ainda ser\u00e3o julgados,\u00a0inclusive pela pr\u00f3pria Corte Constitucional. Segundo o especialista, a corte far\u00e1 uma avalia\u00e7\u00e3o sobre processos dos tribunais de Mantova e Campobasso no dia 9 de junho. Previamente, em 14 de abril, a Corte de Cassa\u00e7\u00e3o da It\u00e1lia tamb\u00e9m deve&hellip;&nbsp;<a href=\"https:\/\/gioppoeconti.com.br\/blog\/cnn-corte-restricao-cidadania-italiana\/\" rel=\"bookmark\"><span class=\"screen-reader-text\">Corte da It\u00e1lia rejeita recurso e mant\u00e9m restri\u00e7\u00f5es \u00e0 cidadania italiana<\/span><\/a><\/p>\n","protected":false},"author":3,"featured_media":6586,"comment_status":"open","ping_status":"open","sticky":false,"template":"","format":"standard","meta":{"neve_meta_sidebar":"","neve_meta_container":"","neve_meta_enable_content_width":"","neve_meta_content_width":0,"neve_meta_title_alignment":"","neve_meta_author_avatar":"","neve_post_elements_order":"","neve_meta_disable_header":"","neve_meta_disable_footer":"","neve_meta_disable_title":"","footnotes":""},"categories":[4,7],"tags":[],"class_list":["post-6837","post","type-post","status-publish","format-standard","has-post-thumbnail","hentry","category-cidadania-italiana","category-imprensa"],"yoast_head":"<!-- This site is optimized with the Yoast SEO plugin v27.4 - https:\/\/yoast.com\/product\/yoast-seo-wordpress\/ -->\n<title>Corte da It\u00e1lia rejeita recurso e mant\u00e9m restri\u00e7\u00f5es \u00e0 cidadania italiana - Blog<\/title>\n<meta name=\"description\" content=\"O advogado\u00a0F\u00e1bio Gioppo\u00a0ressaltou que outros casos sobre a lei que\u00a0restringiu a cidadania italiana ainda ser\u00e3o julgados,\u00a0inclusive pela pr\u00f3pria Corte Constitucional.Segundo o especialista, a corte far\u00e1 uma avalia\u00e7\u00e3o sobre processos dos tribunais de Mantova e Campobasso no dia 9 de junho.Previamente, em 14 de abril, a Corte de Cassa\u00e7\u00e3o da It\u00e1lia tamb\u00e9m deve fazer um julgamento sobre o caso, ainda de acordo com Gioppo.\" \/>\n<meta name=\"robots\" content=\"index, follow, max-snippet:-1, max-image-preview:large, max-video-preview:-1\" \/>\n<link rel=\"canonical\" href=\"https:\/\/gioppoeconti.com.br\/blog\/cnn-corte-restricao-cidadania-italiana\/\" \/>\n<meta property=\"og:locale\" content=\"pt_BR\" \/>\n<meta property=\"og:type\" content=\"article\" \/>\n<meta property=\"og:title\" content=\"Corte da It\u00e1lia rejeita recurso e mant\u00e9m restri\u00e7\u00f5es \u00e0 cidadania italiana - Blog\" \/>\n<meta property=\"og:description\" content=\"O advogado\u00a0F\u00e1bio Gioppo\u00a0ressaltou que outros casos sobre a lei que\u00a0restringiu a cidadania italiana ainda ser\u00e3o julgados,\u00a0inclusive pela pr\u00f3pria Corte Constitucional.Segundo o especialista, a corte far\u00e1 uma avalia\u00e7\u00e3o sobre processos dos tribunais de Mantova e Campobasso no dia 9 de junho.Previamente, em 14 de abril, a Corte de Cassa\u00e7\u00e3o da It\u00e1lia tamb\u00e9m deve fazer um julgamento sobre o caso, ainda de acordo com Gioppo.\" \/>\n<meta property=\"og:url\" content=\"https:\/\/gioppoeconti.com.br\/blog\/cnn-corte-restricao-cidadania-italiana\/\" \/>\n<meta property=\"og:site_name\" content=\"Blog\" \/>\n<meta property=\"article:published_time\" content=\"2026-03-16T14:59:33+00:00\" \/>\n<meta property=\"article:modified_time\" content=\"2026-03-16T15:20:27+00:00\" \/>\n<meta property=\"og:image\" content=\"https:\/\/gioppoeconti.com.br\/blog\/wp-content\/uploads\/2025\/12\/signature-8803705_1280.png\" \/>\n\t<meta property=\"og:image:width\" content=\"1280\" \/>\n\t<meta property=\"og:image:height\" content=\"1280\" \/>\n\t<meta property=\"og:image:type\" content=\"image\/png\" \/>\n<meta name=\"author\" content=\"Gioppo&amp;Conti\" \/>\n<meta name=\"twitter:card\" content=\"summary_large_image\" \/>\n<meta name=\"twitter:label1\" content=\"Escrito por\" \/>\n\t<meta name=\"twitter:data1\" content=\"Gioppo&amp;Conti\" \/>\n\t<meta name=\"twitter:label2\" content=\"Est. tempo de leitura\" \/>\n\t<meta name=\"twitter:data2\" content=\"1 minuto\" \/>\n<script type=\"application\/ld+json\" class=\"yoast-schema-graph\">{\"@context\":\"https:\\\/\\\/schema.org\",\"@graph\":[{\"@type\":\"Article\",\"@id\":\"https:\\\/\\\/gioppoeconti.com.br\\\/blog\\\/cnn-corte-restricao-cidadania-italiana\\\/#article\",\"isPartOf\":{\"@id\":\"https:\\\/\\\/gioppoeconti.com.br\\\/blog\\\/cnn-corte-restricao-cidadania-italiana\\\/\"},\"author\":{\"name\":\"Gioppo&amp;Conti\",\"@id\":\"https:\\\/\\\/gioppoeconti.com.br\\\/blog\\\/#\\\/schema\\\/person\\\/55f24671052a48aa461627c2a1de9efa\"},\"headline\":\"Corte da It\u00e1lia rejeita recurso e mant\u00e9m restri\u00e7\u00f5es \u00e0 cidadania italiana\",\"datePublished\":\"2026-03-16T14:59:33+00:00\",\"dateModified\":\"2026-03-16T15:20:27+00:00\",\"mainEntityOfPage\":{\"@id\":\"https:\\\/\\\/gioppoeconti.com.br\\\/blog\\\/cnn-corte-restricao-cidadania-italiana\\\/\"},\"wordCount\":92,\"commentCount\":0,\"image\":{\"@id\":\"https:\\\/\\\/gioppoeconti.com.br\\\/blog\\\/cnn-corte-restricao-cidadania-italiana\\\/#primaryimage\"},\"thumbnailUrl\":\"https:\\\/\\\/gioppoeconti.com.br\\\/blog\\\/wp-content\\\/uploads\\\/2025\\\/12\\\/signature-8803705_1280.png\",\"articleSection\":[\"Cidadania Italiana\",\"Imprensa\"],\"inLanguage\":\"pt-BR\",\"potentialAction\":[{\"@type\":\"CommentAction\",\"name\":\"Comment\",\"target\":[\"https:\\\/\\\/gioppoeconti.com.br\\\/blog\\\/cnn-corte-restricao-cidadania-italiana\\\/#respond\"]}]},{\"@type\":\"WebPage\",\"@id\":\"https:\\\/\\\/gioppoeconti.com.br\\\/blog\\\/cnn-corte-restricao-cidadania-italiana\\\/\",\"url\":\"https:\\\/\\\/gioppoeconti.com.br\\\/blog\\\/cnn-corte-restricao-cidadania-italiana\\\/\",\"name\":\"Corte da It\u00e1lia rejeita recurso e mant\u00e9m restri\u00e7\u00f5es \u00e0 cidadania italiana - Blog\",\"isPartOf\":{\"@id\":\"https:\\\/\\\/gioppoeconti.com.br\\\/blog\\\/#website\"},\"primaryImageOfPage\":{\"@id\":\"https:\\\/\\\/gioppoeconti.com.br\\\/blog\\\/cnn-corte-restricao-cidadania-italiana\\\/#primaryimage\"},\"image\":{\"@id\":\"https:\\\/\\\/gioppoeconti.com.br\\\/blog\\\/cnn-corte-restricao-cidadania-italiana\\\/#primaryimage\"},\"thumbnailUrl\":\"https:\\\/\\\/gioppoeconti.com.br\\\/blog\\\/wp-content\\\/uploads\\\/2025\\\/12\\\/signature-8803705_1280.png\",\"datePublished\":\"2026-03-16T14:59:33+00:00\",\"dateModified\":\"2026-03-16T15:20:27+00:00\",\"author\":{\"@id\":\"https:\\\/\\\/gioppoeconti.com.br\\\/blog\\\/#\\\/schema\\\/person\\\/55f24671052a48aa461627c2a1de9efa\"},\"description\":\"O advogado\u00a0F\u00e1bio Gioppo\u00a0ressaltou que outros casos sobre a lei que\u00a0restringiu a cidadania italiana ainda ser\u00e3o julgados,\u00a0inclusive pela pr\u00f3pria Corte Constitucional.Segundo o especialista, a corte far\u00e1 uma avalia\u00e7\u00e3o sobre processos dos tribunais de Mantova e Campobasso no dia 9 de junho.Previamente, em 14 de abril, a Corte de Cassa\u00e7\u00e3o da It\u00e1lia tamb\u00e9m deve fazer um julgamento sobre o caso, ainda de acordo com Gioppo.\",\"breadcrumb\":{\"@id\":\"https:\\\/\\\/gioppoeconti.com.br\\\/blog\\\/cnn-corte-restricao-cidadania-italiana\\\/#breadcrumb\"},\"inLanguage\":\"pt-BR\",\"potentialAction\":[{\"@type\":\"ReadAction\",\"target\":[\"https:\\\/\\\/gioppoeconti.com.br\\\/blog\\\/cnn-corte-restricao-cidadania-italiana\\\/\"]}]},{\"@type\":\"ImageObject\",\"inLanguage\":\"pt-BR\",\"@id\":\"https:\\\/\\\/gioppoeconti.com.br\\\/blog\\\/cnn-corte-restricao-cidadania-italiana\\\/#primaryimage\",\"url\":\"https:\\\/\\\/gioppoeconti.com.br\\\/blog\\\/wp-content\\\/uploads\\\/2025\\\/12\\\/signature-8803705_1280.png\",\"contentUrl\":\"https:\\\/\\\/gioppoeconti.com.br\\\/blog\\\/wp-content\\\/uploads\\\/2025\\\/12\\\/signature-8803705_1280.png\",\"width\":1280,\"height\":1280},{\"@type\":\"BreadcrumbList\",\"@id\":\"https:\\\/\\\/gioppoeconti.com.br\\\/blog\\\/cnn-corte-restricao-cidadania-italiana\\\/#breadcrumb\",\"itemListElement\":[{\"@type\":\"ListItem\",\"position\":1,\"name\":\"In\u00edcio\",\"item\":\"https:\\\/\\\/gioppoeconti.com.br\\\/blog\\\/\"},{\"@type\":\"ListItem\",\"position\":2,\"name\":\"Corte da It\u00e1lia rejeita recurso e mant\u00e9m restri\u00e7\u00f5es \u00e0 cidadania italiana\"}]},{\"@type\":\"WebSite\",\"@id\":\"https:\\\/\\\/gioppoeconti.com.br\\\/blog\\\/#website\",\"url\":\"https:\\\/\\\/gioppoeconti.com.br\\\/blog\\\/\",\"name\":\"Blog\",\"description\":\"\",\"potentialAction\":[{\"@type\":\"SearchAction\",\"target\":{\"@type\":\"EntryPoint\",\"urlTemplate\":\"https:\\\/\\\/gioppoeconti.com.br\\\/blog\\\/?s={search_term_string}\"},\"query-input\":{\"@type\":\"PropertyValueSpecification\",\"valueRequired\":true,\"valueName\":\"search_term_string\"}}],\"inLanguage\":\"pt-BR\"},{\"@type\":\"Person\",\"@id\":\"https:\\\/\\\/gioppoeconti.com.br\\\/blog\\\/#\\\/schema\\\/person\\\/55f24671052a48aa461627c2a1de9efa\",\"name\":\"Gioppo&amp;Conti\",\"image\":{\"@type\":\"ImageObject\",\"inLanguage\":\"pt-BR\",\"@id\":\"https:\\\/\\\/secure.gravatar.com\\\/avatar\\\/d62a93f131d21a85c7120e092fd5f94529d341aaad01f916df6bbb87b7f3bfeb?s=96&d=mm&r=g\",\"url\":\"https:\\\/\\\/secure.gravatar.com\\\/avatar\\\/d62a93f131d21a85c7120e092fd5f94529d341aaad01f916df6bbb87b7f3bfeb?s=96&d=mm&r=g\",\"contentUrl\":\"https:\\\/\\\/secure.gravatar.com\\\/avatar\\\/d62a93f131d21a85c7120e092fd5f94529d341aaad01f916df6bbb87b7f3bfeb?s=96&d=mm&r=g\",\"caption\":\"Gioppo&amp;Conti\"},\"url\":\"https:\\\/\\\/gioppoeconti.com.br\\\/blog\\\/author\\\/blog\\\/\"}]}<\/script>\n<!-- \/ Yoast SEO plugin. -->","yoast_head_json":{"title":"Corte da It\u00e1lia rejeita recurso e mant\u00e9m restri\u00e7\u00f5es \u00e0 cidadania italiana - Blog","description":"O advogado\u00a0F\u00e1bio Gioppo\u00a0ressaltou que outros casos sobre a lei que\u00a0restringiu a cidadania italiana ainda ser\u00e3o julgados,\u00a0inclusive pela pr\u00f3pria Corte Constitucional.Segundo o especialista, a corte far\u00e1 uma avalia\u00e7\u00e3o sobre processos dos tribunais de Mantova e Campobasso no dia 9 de junho.Previamente, em 14 de abril, a Corte de Cassa\u00e7\u00e3o da It\u00e1lia tamb\u00e9m deve fazer um julgamento sobre o caso, ainda de acordo com Gioppo.","robots":{"index":"index","follow":"follow","max-snippet":"max-snippet:-1","max-image-preview":"max-image-preview:large","max-video-preview":"max-video-preview:-1"},"canonical":"https:\/\/gioppoeconti.com.br\/blog\/cnn-corte-restricao-cidadania-italiana\/","og_locale":"pt_BR","og_type":"article","og_title":"Corte da It\u00e1lia rejeita recurso e mant\u00e9m restri\u00e7\u00f5es \u00e0 cidadania italiana - Blog","og_description":"O advogado\u00a0F\u00e1bio Gioppo\u00a0ressaltou que outros casos sobre a lei que\u00a0restringiu a cidadania italiana ainda ser\u00e3o julgados,\u00a0inclusive pela pr\u00f3pria Corte Constitucional.Segundo o especialista, a corte far\u00e1 uma avalia\u00e7\u00e3o sobre processos dos tribunais de Mantova e Campobasso no dia 9 de junho.Previamente, em 14 de abril, a Corte de Cassa\u00e7\u00e3o da It\u00e1lia tamb\u00e9m deve fazer um julgamento sobre o caso, ainda de acordo com Gioppo.","og_url":"https:\/\/gioppoeconti.com.br\/blog\/cnn-corte-restricao-cidadania-italiana\/","og_site_name":"Blog","article_published_time":"2026-03-16T14:59:33+00:00","article_modified_time":"2026-03-16T15:20:27+00:00","og_image":[{"width":1280,"height":1280,"url":"https:\/\/gioppoeconti.com.br\/blog\/wp-content\/uploads\/2025\/12\/signature-8803705_1280.png","type":"image\/png"}],"author":"Gioppo&amp;Conti","twitter_card":"summary_large_image","twitter_misc":{"Escrito por":"Gioppo&amp;Conti","Est. tempo de leitura":"1 minuto"},"schema":{"@context":"https:\/\/schema.org","@graph":[{"@type":"Article","@id":"https:\/\/gioppoeconti.com.br\/blog\/cnn-corte-restricao-cidadania-italiana\/#article","isPartOf":{"@id":"https:\/\/gioppoeconti.com.br\/blog\/cnn-corte-restricao-cidadania-italiana\/"},"author":{"name":"Gioppo&amp;Conti","@id":"https:\/\/gioppoeconti.com.br\/blog\/#\/schema\/person\/55f24671052a48aa461627c2a1de9efa"},"headline":"Corte da It\u00e1lia rejeita recurso e mant\u00e9m restri\u00e7\u00f5es \u00e0 cidadania italiana","datePublished":"2026-03-16T14:59:33+00:00","dateModified":"2026-03-16T15:20:27+00:00","mainEntityOfPage":{"@id":"https:\/\/gioppoeconti.com.br\/blog\/cnn-corte-restricao-cidadania-italiana\/"},"wordCount":92,"commentCount":0,"image":{"@id":"https:\/\/gioppoeconti.com.br\/blog\/cnn-corte-restricao-cidadania-italiana\/#primaryimage"},"thumbnailUrl":"https:\/\/gioppoeconti.com.br\/blog\/wp-content\/uploads\/2025\/12\/signature-8803705_1280.png","articleSection":["Cidadania Italiana","Imprensa"],"inLanguage":"pt-BR","potentialAction":[{"@type":"CommentAction","name":"Comment","target":["https:\/\/gioppoeconti.com.br\/blog\/cnn-corte-restricao-cidadania-italiana\/#respond"]}]},{"@type":"WebPage","@id":"https:\/\/gioppoeconti.com.br\/blog\/cnn-corte-restricao-cidadania-italiana\/","url":"https:\/\/gioppoeconti.com.br\/blog\/cnn-corte-restricao-cidadania-italiana\/","name":"Corte da It\u00e1lia rejeita recurso e mant\u00e9m restri\u00e7\u00f5es \u00e0 cidadania italiana - Blog","isPartOf":{"@id":"https:\/\/gioppoeconti.com.br\/blog\/#website"},"primaryImageOfPage":{"@id":"https:\/\/gioppoeconti.com.br\/blog\/cnn-corte-restricao-cidadania-italiana\/#primaryimage"},"image":{"@id":"https:\/\/gioppoeconti.com.br\/blog\/cnn-corte-restricao-cidadania-italiana\/#primaryimage"},"thumbnailUrl":"https:\/\/gioppoeconti.com.br\/blog\/wp-content\/uploads\/2025\/12\/signature-8803705_1280.png","datePublished":"2026-03-16T14:59:33+00:00","dateModified":"2026-03-16T15:20:27+00:00","author":{"@id":"https:\/\/gioppoeconti.com.br\/blog\/#\/schema\/person\/55f24671052a48aa461627c2a1de9efa"},"description":"O advogado\u00a0F\u00e1bio Gioppo\u00a0ressaltou que outros casos sobre a lei que\u00a0restringiu a cidadania italiana ainda ser\u00e3o julgados,\u00a0inclusive pela pr\u00f3pria Corte Constitucional.Segundo o especialista, a corte far\u00e1 uma avalia\u00e7\u00e3o sobre processos dos tribunais de Mantova e Campobasso no dia 9 de junho.Previamente, em 14 de abril, a Corte de Cassa\u00e7\u00e3o da It\u00e1lia tamb\u00e9m deve fazer um julgamento sobre o caso, ainda de acordo com Gioppo.","breadcrumb":{"@id":"https:\/\/gioppoeconti.com.br\/blog\/cnn-corte-restricao-cidadania-italiana\/#breadcrumb"},"inLanguage":"pt-BR","potentialAction":[{"@type":"ReadAction","target":["https:\/\/gioppoeconti.com.br\/blog\/cnn-corte-restricao-cidadania-italiana\/"]}]},{"@type":"ImageObject","inLanguage":"pt-BR","@id":"https:\/\/gioppoeconti.com.br\/blog\/cnn-corte-restricao-cidadania-italiana\/#primaryimage","url":"https:\/\/gioppoeconti.com.br\/blog\/wp-content\/uploads\/2025\/12\/signature-8803705_1280.png","contentUrl":"https:\/\/gioppoeconti.com.br\/blog\/wp-content\/uploads\/2025\/12\/signature-8803705_1280.png","width":1280,"height":1280},{"@type":"BreadcrumbList","@id":"https:\/\/gioppoeconti.com.br\/blog\/cnn-corte-restricao-cidadania-italiana\/#breadcrumb","itemListElement":[{"@type":"ListItem","position":1,"name":"In\u00edcio","item":"https:\/\/gioppoeconti.com.br\/blog\/"},{"@type":"ListItem","position":2,"name":"Corte da It\u00e1lia rejeita recurso e mant\u00e9m restri\u00e7\u00f5es \u00e0 cidadania italiana"}]},{"@type":"WebSite","@id":"https:\/\/gioppoeconti.com.br\/blog\/#website","url":"https:\/\/gioppoeconti.com.br\/blog\/","name":"Blog","description":"","potentialAction":[{"@type":"SearchAction","target":{"@type":"EntryPoint","urlTemplate":"https:\/\/gioppoeconti.com.br\/blog\/?s={search_term_string}"},"query-input":{"@type":"PropertyValueSpecification","valueRequired":true,"valueName":"search_term_string"}}],"inLanguage":"pt-BR"},{"@type":"Person","@id":"https:\/\/gioppoeconti.com.br\/blog\/#\/schema\/person\/55f24671052a48aa461627c2a1de9efa","name":"Gioppo&amp;Conti","image":{"@type":"ImageObject","inLanguage":"pt-BR","@id":"https:\/\/secure.gravatar.com\/avatar\/d62a93f131d21a85c7120e092fd5f94529d341aaad01f916df6bbb87b7f3bfeb?s=96&d=mm&r=g","url":"https:\/\/secure.gravatar.com\/avatar\/d62a93f131d21a85c7120e092fd5f94529d341aaad01f916df6bbb87b7f3bfeb?s=96&d=mm&r=g","contentUrl":"https:\/\/secure.gravatar.com\/avatar\/d62a93f131d21a85c7120e092fd5f94529d341aaad01f916df6bbb87b7f3bfeb?s=96&d=mm&r=g","caption":"Gioppo&amp;Conti"},"url":"https:\/\/gioppoeconti.com.br\/blog\/author\/blog\/"}]}},"_links":{"self":[{"href":"https:\/\/gioppoeconti.com.br\/blog\/wp-json\/wp\/v2\/posts\/6837","targetHints":{"allow":["GET"]}}],"collection":[{"href":"https:\/\/gioppoeconti.com.br\/blog\/wp-json\/wp\/v2\/posts"}],"about":[{"href":"https:\/\/gioppoeconti.com.br\/blog\/wp-json\/wp\/v2\/types\/post"}],"author":[{"embeddable":true,"href":"https:\/\/gioppoeconti.com.br\/blog\/wp-json\/wp\/v2\/users\/3"}],"replies":[{"embeddable":true,"href":"https:\/\/gioppoeconti.com.br\/blog\/wp-json\/wp\/v2\/comments?post=6837"}],"version-history":[{"count":1,"href":"https:\/\/gioppoeconti.com.br\/blog\/wp-json\/wp\/v2\/posts\/6837\/revisions"}],"predecessor-version":[{"id":6839,"href":"https:\/\/gioppoeconti.com.br\/blog\/wp-json\/wp\/v2\/posts\/6837\/revisions\/6839"}],"wp:featuredmedia":[{"embeddable":true,"href":"https:\/\/gioppoeconti.com.br\/blog\/wp-json\/wp\/v2\/media\/6586"}],"wp:attachment":[{"href":"https:\/\/gioppoeconti.com.br\/blog\/wp-json\/wp\/v2\/media?parent=6837"}],"wp:term":[{"taxonomy":"category","embeddable":true,"href":"https:\/\/gioppoeconti.com.br\/blog\/wp-json\/wp\/v2\/categories?post=6837"},{"taxonomy":"post_tag","embeddable":true,"href":"https:\/\/gioppoeconti.com.br\/blog\/wp-json\/wp\/v2\/tags?post=6837"}],"curies":[{"name":"wp","href":"https:\/\/api.w.org\/{rel}","templated":true}]}}