{"id":6817,"date":"2026-03-10T16:44:23","date_gmt":"2026-03-10T16:44:23","guid":{"rendered":"https:\/\/gioppoeconti.com.br\/blog\/?p=6817"},"modified":"2026-03-10T16:44:24","modified_gmt":"2026-03-10T16:44:24","slug":"prazo-ampliado-para-cidadania-italiana-de-menores-ate-2029-vira-lei","status":"publish","type":"post","link":"https:\/\/gioppoeconti.com.br\/blog\/prazo-ampliado-para-cidadania-italiana-de-menores-ate-2029-vira-lei\/","title":{"rendered":"Prazo ampliado para cidadania italiana de menores at\u00e9 2029 vira lei"},"content":{"rendered":"\n<p>Italianismo &#8211; 03\/ 03\/2026<\/p>\n\n\n\n<p>\u00c9 oficial: o prazo para a declara\u00e7\u00e3o de vontade da cidadania italiana por menores foi prorrogado at\u00e9 <strong>31 de maio de 2029<\/strong>. Entenda o que mudou na lei, quem pode ser beneficiado e por que essa decis\u00e3o \u00e9 t\u00e3o relevante para as fam\u00edlias no exterior.<\/p>\n\n\n\n<p><a href=\"https:\/\/italianismo.com.br\/prazo-ampliado-para-cidadania-italiana-de-menores-ate-2029-vira-lei\/\"> Leia a mat\u00e9ria completa.<\/a><\/p>\n\n\n\n<p><\/p>\n","protected":false},"excerpt":{"rendered":"<p>Italianismo &#8211; 03\/ 03\/2026 \u00c9 oficial: o prazo para a declara\u00e7\u00e3o de vontade da cidadania italiana por menores foi prorrogado at\u00e9 31 de maio de 2029. Entenda o que mudou na lei, quem pode ser beneficiado e por que essa decis\u00e3o \u00e9 t\u00e3o relevante para as fam\u00edlias no exterior. Leia a mat\u00e9ria completa.<\/p>\n","protected":false},"author":3,"featured_media":6818,"comment_status":"open","ping_status":"open","sticky":false,"template":"","format":"standard","meta":{"neve_meta_sidebar":"","neve_meta_container":"","neve_meta_enable_content_width":"","neve_meta_content_width":0,"neve_meta_title_alignment":"","neve_meta_author_avatar":"","neve_post_elements_order":"","neve_meta_disable_header":"","neve_meta_disable_footer":"","neve_meta_disable_title":"","footnotes":""},"categories":[4,8],"tags":[16,17,102,52],"class_list":["post-6817","post","type-post","status-publish","format-standard","has-post-thumbnail","hentry","category-cidadania-italiana","category-noticias","tag-cidadania-europeia","tag-cidadania-italiana","tag-criancas","tag-lei"],"yoast_head":"<!-- This site is optimized with the Yoast SEO plugin v27.4 - https:\/\/yoast.com\/product\/yoast-seo-wordpress\/ -->\n<title>Prazo ampliado para cidadania italiana de menores at\u00e9 2029 vira lei - Blog<\/title>\n<meta name=\"description\" content=\"\u00c9 oficial. O Milleproroghe virou lei e o prazo para declarar a vontade de cidadania italiana para menores foi prorrogado at\u00e9 31 de maio de 2029\" \/>\n<meta name=\"robots\" content=\"index, follow, max-snippet:-1, max-image-preview:large, max-video-preview:-1\" \/>\n<link rel=\"canonical\" href=\"https:\/\/gioppoeconti.com.br\/blog\/prazo-ampliado-para-cidadania-italiana-de-menores-ate-2029-vira-lei\/\" \/>\n<meta property=\"og:locale\" content=\"pt_BR\" \/>\n<meta property=\"og:type\" content=\"article\" \/>\n<meta property=\"og:title\" content=\"Prazo ampliado para cidadania italiana de menores at\u00e9 2029 vira lei - Blog\" \/>\n<meta property=\"og:description\" content=\"\u00c9 oficial. O Milleproroghe virou lei e o prazo para declarar a vontade de cidadania italiana para menores foi prorrogado at\u00e9 31 de maio de 2029\" \/>\n<meta property=\"og:url\" content=\"https:\/\/gioppoeconti.com.br\/blog\/prazo-ampliado-para-cidadania-italiana-de-menores-ate-2029-vira-lei\/\" \/>\n<meta property=\"og:site_name\" content=\"Blog\" \/>\n<meta property=\"article:published_time\" content=\"2026-03-10T16:44:23+00:00\" \/>\n<meta property=\"article:modified_time\" content=\"2026-03-10T16:44:24+00:00\" \/>\n<meta property=\"og:image\" content=\"https:\/\/gioppoeconti.com.br\/blog\/wp-content\/uploads\/2026\/03\/pexels-children-2178857_1920.jpg\" \/>\n\t<meta property=\"og:image:width\" content=\"1920\" \/>\n\t<meta property=\"og:image:height\" content=\"1308\" \/>\n\t<meta property=\"og:image:type\" content=\"image\/jpeg\" \/>\n<meta name=\"author\" content=\"Gioppo&amp;Conti\" \/>\n<meta name=\"twitter:card\" content=\"summary_large_image\" \/>\n<meta name=\"twitter:label1\" content=\"Escrito por\" \/>\n\t<meta name=\"twitter:data1\" content=\"Gioppo&amp;Conti\" \/>\n\t<meta name=\"twitter:label2\" content=\"Est. tempo de leitura\" \/>\n\t<meta name=\"twitter:data2\" content=\"1 minuto\" \/>\n<script type=\"application\/ld+json\" class=\"yoast-schema-graph\">{\"@context\":\"https:\\\/\\\/schema.org\",\"@graph\":[{\"@type\":\"Article\",\"@id\":\"https:\\\/\\\/gioppoeconti.com.br\\\/blog\\\/prazo-ampliado-para-cidadania-italiana-de-menores-ate-2029-vira-lei\\\/#article\",\"isPartOf\":{\"@id\":\"https:\\\/\\\/gioppoeconti.com.br\\\/blog\\\/prazo-ampliado-para-cidadania-italiana-de-menores-ate-2029-vira-lei\\\/\"},\"author\":{\"name\":\"Gioppo&amp;Conti\",\"@id\":\"https:\\\/\\\/gioppoeconti.com.br\\\/blog\\\/#\\\/schema\\\/person\\\/55f24671052a48aa461627c2a1de9efa\"},\"headline\":\"Prazo ampliado para cidadania italiana de menores at\u00e9 2029 vira lei\",\"datePublished\":\"2026-03-10T16:44:23+00:00\",\"dateModified\":\"2026-03-10T16:44:24+00:00\",\"mainEntityOfPage\":{\"@id\":\"https:\\\/\\\/gioppoeconti.com.br\\\/blog\\\/prazo-ampliado-para-cidadania-italiana-de-menores-ate-2029-vira-lei\\\/\"},\"wordCount\":62,\"commentCount\":0,\"image\":{\"@id\":\"https:\\\/\\\/gioppoeconti.com.br\\\/blog\\\/prazo-ampliado-para-cidadania-italiana-de-menores-ate-2029-vira-lei\\\/#primaryimage\"},\"thumbnailUrl\":\"https:\\\/\\\/gioppoeconti.com.br\\\/blog\\\/wp-content\\\/uploads\\\/2026\\\/03\\\/pexels-children-2178857_1920.jpg\",\"keywords\":[\"cidadania europeia\",\"cidadania italiana\",\"crian\u00e7as\",\"Lei\"],\"articleSection\":[\"Cidadania Italiana\",\"Not\u00edcias\"],\"inLanguage\":\"pt-BR\",\"potentialAction\":[{\"@type\":\"CommentAction\",\"name\":\"Comment\",\"target\":[\"https:\\\/\\\/gioppoeconti.com.br\\\/blog\\\/prazo-ampliado-para-cidadania-italiana-de-menores-ate-2029-vira-lei\\\/#respond\"]}]},{\"@type\":\"WebPage\",\"@id\":\"https:\\\/\\\/gioppoeconti.com.br\\\/blog\\\/prazo-ampliado-para-cidadania-italiana-de-menores-ate-2029-vira-lei\\\/\",\"url\":\"https:\\\/\\\/gioppoeconti.com.br\\\/blog\\\/prazo-ampliado-para-cidadania-italiana-de-menores-ate-2029-vira-lei\\\/\",\"name\":\"Prazo ampliado para cidadania italiana de menores at\u00e9 2029 vira lei - Blog\",\"isPartOf\":{\"@id\":\"https:\\\/\\\/gioppoeconti.com.br\\\/blog\\\/#website\"},\"primaryImageOfPage\":{\"@id\":\"https:\\\/\\\/gioppoeconti.com.br\\\/blog\\\/prazo-ampliado-para-cidadania-italiana-de-menores-ate-2029-vira-lei\\\/#primaryimage\"},\"image\":{\"@id\":\"https:\\\/\\\/gioppoeconti.com.br\\\/blog\\\/prazo-ampliado-para-cidadania-italiana-de-menores-ate-2029-vira-lei\\\/#primaryimage\"},\"thumbnailUrl\":\"https:\\\/\\\/gioppoeconti.com.br\\\/blog\\\/wp-content\\\/uploads\\\/2026\\\/03\\\/pexels-children-2178857_1920.jpg\",\"datePublished\":\"2026-03-10T16:44:23+00:00\",\"dateModified\":\"2026-03-10T16:44:24+00:00\",\"author\":{\"@id\":\"https:\\\/\\\/gioppoeconti.com.br\\\/blog\\\/#\\\/schema\\\/person\\\/55f24671052a48aa461627c2a1de9efa\"},\"description\":\"\u00c9 oficial. O Milleproroghe virou lei e o prazo para declarar a vontade de cidadania italiana para menores foi prorrogado at\u00e9 31 de maio de 2029\",\"breadcrumb\":{\"@id\":\"https:\\\/\\\/gioppoeconti.com.br\\\/blog\\\/prazo-ampliado-para-cidadania-italiana-de-menores-ate-2029-vira-lei\\\/#breadcrumb\"},\"inLanguage\":\"pt-BR\",\"potentialAction\":[{\"@type\":\"ReadAction\",\"target\":[\"https:\\\/\\\/gioppoeconti.com.br\\\/blog\\\/prazo-ampliado-para-cidadania-italiana-de-menores-ate-2029-vira-lei\\\/\"]}]},{\"@type\":\"ImageObject\",\"inLanguage\":\"pt-BR\",\"@id\":\"https:\\\/\\\/gioppoeconti.com.br\\\/blog\\\/prazo-ampliado-para-cidadania-italiana-de-menores-ate-2029-vira-lei\\\/#primaryimage\",\"url\":\"https:\\\/\\\/gioppoeconti.com.br\\\/blog\\\/wp-content\\\/uploads\\\/2026\\\/03\\\/pexels-children-2178857_1920.jpg\",\"contentUrl\":\"https:\\\/\\\/gioppoeconti.com.br\\\/blog\\\/wp-content\\\/uploads\\\/2026\\\/03\\\/pexels-children-2178857_1920.jpg\",\"width\":1920,\"height\":1308},{\"@type\":\"BreadcrumbList\",\"@id\":\"https:\\\/\\\/gioppoeconti.com.br\\\/blog\\\/prazo-ampliado-para-cidadania-italiana-de-menores-ate-2029-vira-lei\\\/#breadcrumb\",\"itemListElement\":[{\"@type\":\"ListItem\",\"position\":1,\"name\":\"In\u00edcio\",\"item\":\"https:\\\/\\\/gioppoeconti.com.br\\\/blog\\\/\"},{\"@type\":\"ListItem\",\"position\":2,\"name\":\"Prazo ampliado para cidadania italiana de menores at\u00e9 2029 vira lei\"}]},{\"@type\":\"WebSite\",\"@id\":\"https:\\\/\\\/gioppoeconti.com.br\\\/blog\\\/#website\",\"url\":\"https:\\\/\\\/gioppoeconti.com.br\\\/blog\\\/\",\"name\":\"Blog\",\"description\":\"\",\"potentialAction\":[{\"@type\":\"SearchAction\",\"target\":{\"@type\":\"EntryPoint\",\"urlTemplate\":\"https:\\\/\\\/gioppoeconti.com.br\\\/blog\\\/?s={search_term_string}\"},\"query-input\":{\"@type\":\"PropertyValueSpecification\",\"valueRequired\":true,\"valueName\":\"search_term_string\"}}],\"inLanguage\":\"pt-BR\"},{\"@type\":\"Person\",\"@id\":\"https:\\\/\\\/gioppoeconti.com.br\\\/blog\\\/#\\\/schema\\\/person\\\/55f24671052a48aa461627c2a1de9efa\",\"name\":\"Gioppo&amp;Conti\",\"image\":{\"@type\":\"ImageObject\",\"inLanguage\":\"pt-BR\",\"@id\":\"https:\\\/\\\/secure.gravatar.com\\\/avatar\\\/d62a93f131d21a85c7120e092fd5f94529d341aaad01f916df6bbb87b7f3bfeb?s=96&d=mm&r=g\",\"url\":\"https:\\\/\\\/secure.gravatar.com\\\/avatar\\\/d62a93f131d21a85c7120e092fd5f94529d341aaad01f916df6bbb87b7f3bfeb?s=96&d=mm&r=g\",\"contentUrl\":\"https:\\\/\\\/secure.gravatar.com\\\/avatar\\\/d62a93f131d21a85c7120e092fd5f94529d341aaad01f916df6bbb87b7f3bfeb?s=96&d=mm&r=g\",\"caption\":\"Gioppo&amp;Conti\"},\"url\":\"https:\\\/\\\/gioppoeconti.com.br\\\/blog\\\/author\\\/blog\\\/\"}]}<\/script>\n<!-- \/ Yoast SEO plugin. -->","yoast_head_json":{"title":"Prazo ampliado para cidadania italiana de menores at\u00e9 2029 vira lei - Blog","description":"\u00c9 oficial. O Milleproroghe virou lei e o prazo para declarar a vontade de cidadania italiana para menores foi prorrogado at\u00e9 31 de maio de 2029","robots":{"index":"index","follow":"follow","max-snippet":"max-snippet:-1","max-image-preview":"max-image-preview:large","max-video-preview":"max-video-preview:-1"},"canonical":"https:\/\/gioppoeconti.com.br\/blog\/prazo-ampliado-para-cidadania-italiana-de-menores-ate-2029-vira-lei\/","og_locale":"pt_BR","og_type":"article","og_title":"Prazo ampliado para cidadania italiana de menores at\u00e9 2029 vira lei - Blog","og_description":"\u00c9 oficial. O Milleproroghe virou lei e o prazo para declarar a vontade de cidadania italiana para menores foi prorrogado at\u00e9 31 de maio de 2029","og_url":"https:\/\/gioppoeconti.com.br\/blog\/prazo-ampliado-para-cidadania-italiana-de-menores-ate-2029-vira-lei\/","og_site_name":"Blog","article_published_time":"2026-03-10T16:44:23+00:00","article_modified_time":"2026-03-10T16:44:24+00:00","og_image":[{"width":1920,"height":1308,"url":"https:\/\/gioppoeconti.com.br\/blog\/wp-content\/uploads\/2026\/03\/pexels-children-2178857_1920.jpg","type":"image\/jpeg"}],"author":"Gioppo&amp;Conti","twitter_card":"summary_large_image","twitter_misc":{"Escrito por":"Gioppo&amp;Conti","Est. tempo de leitura":"1 minuto"},"schema":{"@context":"https:\/\/schema.org","@graph":[{"@type":"Article","@id":"https:\/\/gioppoeconti.com.br\/blog\/prazo-ampliado-para-cidadania-italiana-de-menores-ate-2029-vira-lei\/#article","isPartOf":{"@id":"https:\/\/gioppoeconti.com.br\/blog\/prazo-ampliado-para-cidadania-italiana-de-menores-ate-2029-vira-lei\/"},"author":{"name":"Gioppo&amp;Conti","@id":"https:\/\/gioppoeconti.com.br\/blog\/#\/schema\/person\/55f24671052a48aa461627c2a1de9efa"},"headline":"Prazo ampliado para cidadania italiana de menores at\u00e9 2029 vira lei","datePublished":"2026-03-10T16:44:23+00:00","dateModified":"2026-03-10T16:44:24+00:00","mainEntityOfPage":{"@id":"https:\/\/gioppoeconti.com.br\/blog\/prazo-ampliado-para-cidadania-italiana-de-menores-ate-2029-vira-lei\/"},"wordCount":62,"commentCount":0,"image":{"@id":"https:\/\/gioppoeconti.com.br\/blog\/prazo-ampliado-para-cidadania-italiana-de-menores-ate-2029-vira-lei\/#primaryimage"},"thumbnailUrl":"https:\/\/gioppoeconti.com.br\/blog\/wp-content\/uploads\/2026\/03\/pexels-children-2178857_1920.jpg","keywords":["cidadania europeia","cidadania italiana","crian\u00e7as","Lei"],"articleSection":["Cidadania Italiana","Not\u00edcias"],"inLanguage":"pt-BR","potentialAction":[{"@type":"CommentAction","name":"Comment","target":["https:\/\/gioppoeconti.com.br\/blog\/prazo-ampliado-para-cidadania-italiana-de-menores-ate-2029-vira-lei\/#respond"]}]},{"@type":"WebPage","@id":"https:\/\/gioppoeconti.com.br\/blog\/prazo-ampliado-para-cidadania-italiana-de-menores-ate-2029-vira-lei\/","url":"https:\/\/gioppoeconti.com.br\/blog\/prazo-ampliado-para-cidadania-italiana-de-menores-ate-2029-vira-lei\/","name":"Prazo ampliado para cidadania italiana de menores at\u00e9 2029 vira lei - Blog","isPartOf":{"@id":"https:\/\/gioppoeconti.com.br\/blog\/#website"},"primaryImageOfPage":{"@id":"https:\/\/gioppoeconti.com.br\/blog\/prazo-ampliado-para-cidadania-italiana-de-menores-ate-2029-vira-lei\/#primaryimage"},"image":{"@id":"https:\/\/gioppoeconti.com.br\/blog\/prazo-ampliado-para-cidadania-italiana-de-menores-ate-2029-vira-lei\/#primaryimage"},"thumbnailUrl":"https:\/\/gioppoeconti.com.br\/blog\/wp-content\/uploads\/2026\/03\/pexels-children-2178857_1920.jpg","datePublished":"2026-03-10T16:44:23+00:00","dateModified":"2026-03-10T16:44:24+00:00","author":{"@id":"https:\/\/gioppoeconti.com.br\/blog\/#\/schema\/person\/55f24671052a48aa461627c2a1de9efa"},"description":"\u00c9 oficial. O Milleproroghe virou lei e o prazo para declarar a vontade de cidadania italiana para menores foi prorrogado at\u00e9 31 de maio de 2029","breadcrumb":{"@id":"https:\/\/gioppoeconti.com.br\/blog\/prazo-ampliado-para-cidadania-italiana-de-menores-ate-2029-vira-lei\/#breadcrumb"},"inLanguage":"pt-BR","potentialAction":[{"@type":"ReadAction","target":["https:\/\/gioppoeconti.com.br\/blog\/prazo-ampliado-para-cidadania-italiana-de-menores-ate-2029-vira-lei\/"]}]},{"@type":"ImageObject","inLanguage":"pt-BR","@id":"https:\/\/gioppoeconti.com.br\/blog\/prazo-ampliado-para-cidadania-italiana-de-menores-ate-2029-vira-lei\/#primaryimage","url":"https:\/\/gioppoeconti.com.br\/blog\/wp-content\/uploads\/2026\/03\/pexels-children-2178857_1920.jpg","contentUrl":"https:\/\/gioppoeconti.com.br\/blog\/wp-content\/uploads\/2026\/03\/pexels-children-2178857_1920.jpg","width":1920,"height":1308},{"@type":"BreadcrumbList","@id":"https:\/\/gioppoeconti.com.br\/blog\/prazo-ampliado-para-cidadania-italiana-de-menores-ate-2029-vira-lei\/#breadcrumb","itemListElement":[{"@type":"ListItem","position":1,"name":"In\u00edcio","item":"https:\/\/gioppoeconti.com.br\/blog\/"},{"@type":"ListItem","position":2,"name":"Prazo ampliado para cidadania italiana de menores at\u00e9 2029 vira lei"}]},{"@type":"WebSite","@id":"https:\/\/gioppoeconti.com.br\/blog\/#website","url":"https:\/\/gioppoeconti.com.br\/blog\/","name":"Blog","description":"","potentialAction":[{"@type":"SearchAction","target":{"@type":"EntryPoint","urlTemplate":"https:\/\/gioppoeconti.com.br\/blog\/?s={search_term_string}"},"query-input":{"@type":"PropertyValueSpecification","valueRequired":true,"valueName":"search_term_string"}}],"inLanguage":"pt-BR"},{"@type":"Person","@id":"https:\/\/gioppoeconti.com.br\/blog\/#\/schema\/person\/55f24671052a48aa461627c2a1de9efa","name":"Gioppo&amp;Conti","image":{"@type":"ImageObject","inLanguage":"pt-BR","@id":"https:\/\/secure.gravatar.com\/avatar\/d62a93f131d21a85c7120e092fd5f94529d341aaad01f916df6bbb87b7f3bfeb?s=96&d=mm&r=g","url":"https:\/\/secure.gravatar.com\/avatar\/d62a93f131d21a85c7120e092fd5f94529d341aaad01f916df6bbb87b7f3bfeb?s=96&d=mm&r=g","contentUrl":"https:\/\/secure.gravatar.com\/avatar\/d62a93f131d21a85c7120e092fd5f94529d341aaad01f916df6bbb87b7f3bfeb?s=96&d=mm&r=g","caption":"Gioppo&amp;Conti"},"url":"https:\/\/gioppoeconti.com.br\/blog\/author\/blog\/"}]}},"_links":{"self":[{"href":"https:\/\/gioppoeconti.com.br\/blog\/wp-json\/wp\/v2\/posts\/6817","targetHints":{"allow":["GET"]}}],"collection":[{"href":"https:\/\/gioppoeconti.com.br\/blog\/wp-json\/wp\/v2\/posts"}],"about":[{"href":"https:\/\/gioppoeconti.com.br\/blog\/wp-json\/wp\/v2\/types\/post"}],"author":[{"embeddable":true,"href":"https:\/\/gioppoeconti.com.br\/blog\/wp-json\/wp\/v2\/users\/3"}],"replies":[{"embeddable":true,"href":"https:\/\/gioppoeconti.com.br\/blog\/wp-json\/wp\/v2\/comments?post=6817"}],"version-history":[{"count":2,"href":"https:\/\/gioppoeconti.com.br\/blog\/wp-json\/wp\/v2\/posts\/6817\/revisions"}],"predecessor-version":[{"id":6820,"href":"https:\/\/gioppoeconti.com.br\/blog\/wp-json\/wp\/v2\/posts\/6817\/revisions\/6820"}],"wp:featuredmedia":[{"embeddable":true,"href":"https:\/\/gioppoeconti.com.br\/blog\/wp-json\/wp\/v2\/media\/6818"}],"wp:attachment":[{"href":"https:\/\/gioppoeconti.com.br\/blog\/wp-json\/wp\/v2\/media?parent=6817"}],"wp:term":[{"taxonomy":"category","embeddable":true,"href":"https:\/\/gioppoeconti.com.br\/blog\/wp-json\/wp\/v2\/categories?post=6817"},{"taxonomy":"post_tag","embeddable":true,"href":"https:\/\/gioppoeconti.com.br\/blog\/wp-json\/wp\/v2\/tags?post=6817"}],"curies":[{"name":"wp","href":"https:\/\/api.w.org\/{rel}","templated":true}]}}