{"id":6810,"date":"2026-03-05T20:56:09","date_gmt":"2026-03-05T20:56:09","guid":{"rendered":"https:\/\/gioppoeconti.com.br\/blog\/?p=6810"},"modified":"2026-03-06T19:32:12","modified_gmt":"2026-03-06T19:32:12","slug":"cidadania-italiana-processos-tema-corte-constitucional","status":"publish","type":"post","link":"https:\/\/gioppoeconti.com.br\/blog\/cidadania-italiana-processos-tema-corte-constitucional\/","title":{"rendered":"Cidadania italiana: entenda os processos que levaram o tema \u00e0 Corte Constitucional"},"content":{"rendered":"\n<p><strong><em>Casos de Campobasso chegam \u00e0 Corte Constitucional: o que est\u00e1 em jogo no julgamento da cidadania italiana em 11 de mar\u00e7o<\/em><\/strong><\/p>\n\n\n\n<p>Dois processos originados no Tribunal de Campobasso foram oficialmente encaminhados esta semana \u00e0 <strong>Corte Constitucional da It\u00e1lia<\/strong>, que dever\u00e1 analisar a constitucionalidade das novas restri\u00e7\u00f5es introduzidas pela reforma da cidadania italiana.<\/p>\n\n\n\n<p>A audi\u00eancia p\u00fablica est\u00e1 marcada para <strong>11 de mar\u00e7o de 2026<\/strong> e ir\u00e1 analisar tamb\u00e9m uma a\u00e7\u00e3o origin\u00e1ria do Tribunal de Turim.<\/p>\n\n\n\n<h1 class=\"wp-block-heading\"><strong>O que s\u00e3o os casos de Campobasso<\/strong><\/h1>\n\n\n\n<p>Os processos tiveram origem no Tribunal de Campobasso e questionam a constitucionalidade de dispositivos introduzidos pelo <strong>Decreto-Lei n\u00ba 36\/2025<\/strong>, posteriormente convertido na <strong>Lei n\u00ba 74\/2025<\/strong>, que alterou as regras da cidadania italiana por descend\u00eancia.<\/p>\n\n\n\n<p>Entre os principais pontos discutidos est\u00e1 o <strong>artigo 3-bis da Lei de Cidadania<\/strong>, que passou a estabelecer novas limita\u00e7\u00f5es para o reconhecimento da cidadania italiana para pessoas nascidas no exterior.<\/p>\n\n\n\n<p>Na pr\u00e1tica, a nova norma pode impedir o reconhecimento da cidadania em situa\u00e7\u00f5es que anteriormente eram aceitas pela jurisprud\u00eancia italiana.<\/p>\n\n\n\n<h1 class=\"wp-block-heading\"><strong>O caso de Turim: origem do julgamento na Corte Constitucional<\/strong><\/h1>\n\n\n\n<p>Al\u00e9m dos processos originados em Campobasso, o julgamento de 11 de mar\u00e7o tamb\u00e9m analisar\u00e1 um questionamento enviado pelo <strong>Tribunal de Turim<\/strong>, que foi o primeiro a levar o tema \u00e0 Corte Constitucional.<\/p>\n\n\n\n<p>Esse processo surgiu ap\u00f3s um pedido de reconhecimento de cidadania italiana por descend\u00eancia apresentado por uma fam\u00edlia estrangeira descendente de italianos. O pedido foi protocolado <strong>ap\u00f3s a entrada em vigor do Decreto-Lei n\u00ba 36\/2025<\/strong>, posteriormente convertido na <strong>Lei n\u00ba 74\/2025<\/strong>, que introduziu novas restri\u00e7\u00f5es ao reconhecimento da cidadania <em>iure sanguinis<\/em>.<\/p>\n\n\n\n<p>Ao analisar o caso, o juiz respons\u00e1vel identificou d\u00favidas relevantes sobre a constitucionalidade da nova legisla\u00e7\u00e3o e decidiu <strong>suspender o processo<\/strong>, enviando a quest\u00e3o diretamente \u00e0 Corte Constitucional italiana.<\/p>\n\n\n\n<hr class=\"wp-block-separator has-alpha-channel-opacity\" \/>\n\n\n\n<h1 class=\"wp-block-heading\"><strong>O que o Tribunal de Turim questiona<\/strong><\/h1>\n\n\n\n<p>O ponto central levantado pelo tribunal envolve o <strong>artigo 3-bis da Lei n\u00ba 91\/1992<\/strong>, introduzido pela reforma de 2025.<\/p>\n\n\n\n<p>Segundo o entendimento do juiz, esse dispositivo pode entrar em conflito com princ\u00edpios fundamentais da Constitui\u00e7\u00e3o italiana, especialmente:<\/p>\n\n\n\n<ul class=\"wp-block-list\">\n<li><strong>igualdade perante a lei<\/strong><strong><br><\/strong><\/li>\n\n\n\n<li><strong>prote\u00e7\u00e3o de direitos adquiridos<\/strong><strong><br><\/strong><\/li>\n\n\n\n<li><strong>razoabilidade legislativa<\/strong><strong><br><\/strong><\/li>\n<\/ul>\n\n\n\n<p>Na pr\u00e1tica, o tribunal questiona se o Estado pode <strong>restringir o reconhecimento de uma cidadania que, segundo a jurisprud\u00eancia consolidada, j\u00e1 existiria desde o nascimento do descendente<\/strong>.<\/p>\n\n\n\n<p>Esse debate \u00e9 particularmente relevante porque a jurisprud\u00eancia italiana tradicional entende que a cidadania <em>iure sanguinis<\/em> <strong>n\u00e3o \u00e9 concedida pelo juiz<\/strong>, mas apenas <strong>reconhecida judicialmente<\/strong>, pois o direito existiria desde o nascimento.<\/p>\n\n\n\n<hr class=\"wp-block-separator has-alpha-channel-opacity\" \/>\n\n\n\n<h1 class=\"wp-block-heading\"><strong>Por que o caso de Turim \u00e9 considerado central<\/strong><\/h1>\n\n\n\n<p>O processo enviado pelo Tribunal de Turim \u00e9 considerado o <strong>caso estrutural do julgamento<\/strong>, pois foi ele que formalmente provocou a an\u00e1lise constitucional da nova legisla\u00e7\u00e3o.<\/p>\n\n\n\n<p>A audi\u00eancia p\u00fablica marcada para <strong>11 de mar\u00e7o de 2026<\/strong> foi convocada justamente para avaliar essa quest\u00e3o levantada pelo tribunal.<\/p>\n\n\n\n<p>Durante o julgamento, os ministros da Corte Constitucional dever\u00e3o avaliar se o novo artigo introduzido pela reforma de 2025 respeita os princ\u00edpios constitucionais ou se representa uma limita\u00e7\u00e3o ileg\u00edtima ao direito de cidadania.<\/p>\n\n\n\n<h1 class=\"wp-block-heading\"><strong>Por que o julgamento de 11 de mar\u00e7o \u00e9 t\u00e3o importante<\/strong><\/h1>\n\n\n\n<p>A audi\u00eancia marcada para 11 de mar\u00e7o poder\u00e1 definir se essas novas restri\u00e7\u00f5es s\u00e3o compat\u00edveis com a Constitui\u00e7\u00e3o italiana.<\/p>\n\n\n\n<p>A Corte Constitucional dever\u00e1 analisar se o novo dispositivo legal:<\/p>\n\n\n\n<ul class=\"wp-block-list\">\n<li>respeita o princ\u00edpio da igualdade<\/li>\n\n\n\n<li>preserva direitos adquiridos<\/li>\n\n\n\n<li>evita efeitos retroativos indevidos na cidadania.&nbsp;<\/li>\n<\/ul>\n\n\n\n<p>O resultado desse julgamento pode influenciar diretamente:<\/p>\n\n\n\n<ul class=\"wp-block-list\">\n<li>processos em andamento na It\u00e1lia<\/li>\n\n\n\n<li>novos pedidos de cidadania<\/li>\n\n\n\n<li>a interpreta\u00e7\u00e3o futura da legisla\u00e7\u00e3o italiana sobre a descend\u00eancia.<\/li>\n<\/ul>\n\n\n\n<h1 class=\"wp-block-heading\"><strong>O impacto para descendentes de italianos<\/strong><\/h1>\n\n\n\n<p>Dependendo da decis\u00e3o da Corte Constitucional, tr\u00eas cen\u00e1rios s\u00e3o poss\u00edveis:<\/p>\n\n\n\n<h3 class=\"wp-block-heading\"><strong>1\ufe0f\u20e3 A lei \u00e9 considerada constitucional<\/strong><\/h3>\n\n\n\n<p>As restri\u00e7\u00f5es passam a valer plenamente e podem limitar novos reconhecimentos de cidadania.<\/p>\n\n\n\n<h3 class=\"wp-block-heading\"><strong>2\ufe0f\u20e3 A lei \u00e9 parcialmente considerada inconstitucional<\/strong><\/h3>\n\n\n\n<p>Alguns dispositivos podem ser anulados ou reinterpretados pelos tribunais.<\/p>\n\n\n\n<h3 class=\"wp-block-heading\"><strong>3\ufe0f\u20e3 A lei \u00e9 considerada incompat\u00edvel com a Constitui\u00e7\u00e3o<\/strong><\/h3>\n\n\n\n<p>As restri\u00e7\u00f5es podem perder validade, restabelecendo o entendimento jur\u00eddico anterior.<\/p>\n\n\n\n<h1 class=\"wp-block-heading\"><strong>O que esperar nos pr\u00f3ximos meses<\/strong><\/h1>\n\n\n\n<p>A audi\u00eancia p\u00fablica j\u00e1 est\u00e1 marcada e deve reunir dezenas de advogados representando diferentes partes no processo. Ap\u00f3s a discuss\u00e3o oral, a decis\u00e3o da Corte Constitucional poder\u00e1 ser divulgada nas semanas seguintes.<\/p>\n\n\n\n<p>Independentemente do resultado, o julgamento tende a <strong>definir os rumos da cidadania italiana por descend\u00eancia nos pr\u00f3ximos anos<\/strong>.<\/p>\n\n\n\n<p>Para descendentes de italianos que est\u00e3o avaliando iniciar um processo de cidadania, o momento exige an\u00e1lise jur\u00eddica cuidadosa e procura por escrit\u00f3rios especializados em cidadania italiana pela via judicial, como \u00e9 o caso da Gioppo e Conti.<\/p>\n\n\n\n<p>Por isso, contar com orienta\u00e7\u00e3o especializada \u00e9 fundamental para avaliar a estrat\u00e9gia mais adequada em cada caso.<\/p>\n\n\n\n<p><br><\/p>\n\n\n\n<p><\/p>\n","protected":false},"excerpt":{"rendered":"<p>Casos de Campobasso chegam \u00e0 Corte Constitucional: o que est\u00e1 em jogo no julgamento da cidadania italiana em 11 de mar\u00e7o Dois processos originados no Tribunal de Campobasso foram oficialmente encaminhados esta semana \u00e0 Corte Constitucional da It\u00e1lia, que dever\u00e1 analisar a constitucionalidade das novas restri\u00e7\u00f5es introduzidas pela reforma da cidadania italiana. A audi\u00eancia p\u00fablica&hellip;&nbsp;<a href=\"https:\/\/gioppoeconti.com.br\/blog\/cidadania-italiana-processos-tema-corte-constitucional\/\" rel=\"bookmark\"><span class=\"screen-reader-text\">Cidadania italiana: entenda os processos que levaram o tema \u00e0 Corte Constitucional<\/span><\/a><\/p>\n","protected":false},"author":3,"featured_media":6811,"comment_status":"open","ping_status":"open","sticky":false,"template":"","format":"standard","meta":{"neve_meta_sidebar":"","neve_meta_container":"","neve_meta_enable_content_width":"","neve_meta_content_width":0,"neve_meta_title_alignment":"","neve_meta_author_avatar":"","neve_post_elements_order":"","neve_meta_disable_header":"","neve_meta_disable_footer":"","neve_meta_disable_title":"","footnotes":""},"categories":[4],"tags":[16,17,21,24,101],"class_list":["post-6810","post","type-post","status-publish","format-standard","has-post-thumbnail","hentry","category-cidadania-italiana","tag-cidadania-europeia","tag-cidadania-italiana","tag-corte-constitucional","tag-decreto","tag-processos"],"yoast_head":"<!-- This site is optimized with the Yoast SEO plugin v27.4 - https:\/\/yoast.com\/product\/yoast-seo-wordpress\/ -->\n<title>Cidadania italiana: entenda os processos que levaram o tema \u00e0 Corte Constitucional - Blog<\/title>\n<meta name=\"description\" content=\"Casos de Campobasso chegam \u00e0 Corte Constitucional: o que est\u00e1 em jogo no julgamento da cidadania italiana em 11 de mar\u00e7o\" \/>\n<meta name=\"robots\" content=\"index, follow, max-snippet:-1, max-image-preview:large, max-video-preview:-1\" \/>\n<link rel=\"canonical\" href=\"https:\/\/gioppoeconti.com.br\/blog\/cidadania-italiana-processos-tema-corte-constitucional\/\" \/>\n<meta property=\"og:locale\" content=\"pt_BR\" \/>\n<meta property=\"og:type\" content=\"article\" \/>\n<meta property=\"og:title\" content=\"Cidadania italiana: entenda os processos que levaram o tema \u00e0 Corte Constitucional - Blog\" \/>\n<meta property=\"og:description\" content=\"Casos de Campobasso chegam \u00e0 Corte Constitucional: o que est\u00e1 em jogo no julgamento da cidadania italiana em 11 de mar\u00e7o\" \/>\n<meta property=\"og:url\" content=\"https:\/\/gioppoeconti.com.br\/blog\/cidadania-italiana-processos-tema-corte-constitucional\/\" \/>\n<meta property=\"og:site_name\" content=\"Blog\" \/>\n<meta property=\"article:published_time\" content=\"2026-03-05T20:56:09+00:00\" \/>\n<meta property=\"article:modified_time\" content=\"2026-03-06T19:32:12+00:00\" \/>\n<meta property=\"og:image\" content=\"https:\/\/gioppoeconti.com.br\/blog\/wp-content\/uploads\/2026\/03\/pcdazero-torre-3690966_1920.jpg\" \/>\n\t<meta property=\"og:image:width\" content=\"1920\" \/>\n\t<meta property=\"og:image:height\" content=\"1280\" \/>\n\t<meta property=\"og:image:type\" content=\"image\/jpeg\" \/>\n<meta name=\"author\" content=\"Gioppo&amp;Conti\" \/>\n<meta name=\"twitter:card\" content=\"summary_large_image\" \/>\n<meta name=\"twitter:label1\" content=\"Escrito por\" \/>\n\t<meta name=\"twitter:data1\" content=\"Gioppo&amp;Conti\" \/>\n\t<meta name=\"twitter:label2\" content=\"Est. tempo de leitura\" \/>\n\t<meta name=\"twitter:data2\" content=\"5 minutos\" \/>\n<script type=\"application\/ld+json\" class=\"yoast-schema-graph\">{\"@context\":\"https:\\\/\\\/schema.org\",\"@graph\":[{\"@type\":\"Article\",\"@id\":\"https:\\\/\\\/gioppoeconti.com.br\\\/blog\\\/cidadania-italiana-processos-tema-corte-constitucional\\\/#article\",\"isPartOf\":{\"@id\":\"https:\\\/\\\/gioppoeconti.com.br\\\/blog\\\/cidadania-italiana-processos-tema-corte-constitucional\\\/\"},\"author\":{\"name\":\"Gioppo&amp;Conti\",\"@id\":\"https:\\\/\\\/gioppoeconti.com.br\\\/blog\\\/#\\\/schema\\\/person\\\/55f24671052a48aa461627c2a1de9efa\"},\"headline\":\"Cidadania italiana: entenda os processos que levaram o tema \u00e0 Corte Constitucional\",\"datePublished\":\"2026-03-05T20:56:09+00:00\",\"dateModified\":\"2026-03-06T19:32:12+00:00\",\"mainEntityOfPage\":{\"@id\":\"https:\\\/\\\/gioppoeconti.com.br\\\/blog\\\/cidadania-italiana-processos-tema-corte-constitucional\\\/\"},\"wordCount\":807,\"commentCount\":0,\"image\":{\"@id\":\"https:\\\/\\\/gioppoeconti.com.br\\\/blog\\\/cidadania-italiana-processos-tema-corte-constitucional\\\/#primaryimage\"},\"thumbnailUrl\":\"https:\\\/\\\/gioppoeconti.com.br\\\/blog\\\/wp-content\\\/uploads\\\/2026\\\/03\\\/pcdazero-torre-3690966_1920.jpg\",\"keywords\":[\"cidadania europeia\",\"cidadania italiana\",\"corte constitucional\",\"decreto\",\"Processos\"],\"articleSection\":[\"Cidadania Italiana\"],\"inLanguage\":\"pt-BR\",\"potentialAction\":[{\"@type\":\"CommentAction\",\"name\":\"Comment\",\"target\":[\"https:\\\/\\\/gioppoeconti.com.br\\\/blog\\\/cidadania-italiana-processos-tema-corte-constitucional\\\/#respond\"]}]},{\"@type\":\"WebPage\",\"@id\":\"https:\\\/\\\/gioppoeconti.com.br\\\/blog\\\/cidadania-italiana-processos-tema-corte-constitucional\\\/\",\"url\":\"https:\\\/\\\/gioppoeconti.com.br\\\/blog\\\/cidadania-italiana-processos-tema-corte-constitucional\\\/\",\"name\":\"Cidadania italiana: entenda os processos que levaram o tema \u00e0 Corte Constitucional - Blog\",\"isPartOf\":{\"@id\":\"https:\\\/\\\/gioppoeconti.com.br\\\/blog\\\/#website\"},\"primaryImageOfPage\":{\"@id\":\"https:\\\/\\\/gioppoeconti.com.br\\\/blog\\\/cidadania-italiana-processos-tema-corte-constitucional\\\/#primaryimage\"},\"image\":{\"@id\":\"https:\\\/\\\/gioppoeconti.com.br\\\/blog\\\/cidadania-italiana-processos-tema-corte-constitucional\\\/#primaryimage\"},\"thumbnailUrl\":\"https:\\\/\\\/gioppoeconti.com.br\\\/blog\\\/wp-content\\\/uploads\\\/2026\\\/03\\\/pcdazero-torre-3690966_1920.jpg\",\"datePublished\":\"2026-03-05T20:56:09+00:00\",\"dateModified\":\"2026-03-06T19:32:12+00:00\",\"author\":{\"@id\":\"https:\\\/\\\/gioppoeconti.com.br\\\/blog\\\/#\\\/schema\\\/person\\\/55f24671052a48aa461627c2a1de9efa\"},\"description\":\"Casos de Campobasso chegam \u00e0 Corte Constitucional: o que est\u00e1 em jogo no julgamento da cidadania italiana em 11 de mar\u00e7o\",\"breadcrumb\":{\"@id\":\"https:\\\/\\\/gioppoeconti.com.br\\\/blog\\\/cidadania-italiana-processos-tema-corte-constitucional\\\/#breadcrumb\"},\"inLanguage\":\"pt-BR\",\"potentialAction\":[{\"@type\":\"ReadAction\",\"target\":[\"https:\\\/\\\/gioppoeconti.com.br\\\/blog\\\/cidadania-italiana-processos-tema-corte-constitucional\\\/\"]}]},{\"@type\":\"ImageObject\",\"inLanguage\":\"pt-BR\",\"@id\":\"https:\\\/\\\/gioppoeconti.com.br\\\/blog\\\/cidadania-italiana-processos-tema-corte-constitucional\\\/#primaryimage\",\"url\":\"https:\\\/\\\/gioppoeconti.com.br\\\/blog\\\/wp-content\\\/uploads\\\/2026\\\/03\\\/pcdazero-torre-3690966_1920.jpg\",\"contentUrl\":\"https:\\\/\\\/gioppoeconti.com.br\\\/blog\\\/wp-content\\\/uploads\\\/2026\\\/03\\\/pcdazero-torre-3690966_1920.jpg\",\"width\":1920,\"height\":1280},{\"@type\":\"BreadcrumbList\",\"@id\":\"https:\\\/\\\/gioppoeconti.com.br\\\/blog\\\/cidadania-italiana-processos-tema-corte-constitucional\\\/#breadcrumb\",\"itemListElement\":[{\"@type\":\"ListItem\",\"position\":1,\"name\":\"In\u00edcio\",\"item\":\"https:\\\/\\\/gioppoeconti.com.br\\\/blog\\\/\"},{\"@type\":\"ListItem\",\"position\":2,\"name\":\"Cidadania italiana: entenda os processos que levaram o tema \u00e0 Corte Constitucional\"}]},{\"@type\":\"WebSite\",\"@id\":\"https:\\\/\\\/gioppoeconti.com.br\\\/blog\\\/#website\",\"url\":\"https:\\\/\\\/gioppoeconti.com.br\\\/blog\\\/\",\"name\":\"Blog\",\"description\":\"\",\"potentialAction\":[{\"@type\":\"SearchAction\",\"target\":{\"@type\":\"EntryPoint\",\"urlTemplate\":\"https:\\\/\\\/gioppoeconti.com.br\\\/blog\\\/?s={search_term_string}\"},\"query-input\":{\"@type\":\"PropertyValueSpecification\",\"valueRequired\":true,\"valueName\":\"search_term_string\"}}],\"inLanguage\":\"pt-BR\"},{\"@type\":\"Person\",\"@id\":\"https:\\\/\\\/gioppoeconti.com.br\\\/blog\\\/#\\\/schema\\\/person\\\/55f24671052a48aa461627c2a1de9efa\",\"name\":\"Gioppo&amp;Conti\",\"image\":{\"@type\":\"ImageObject\",\"inLanguage\":\"pt-BR\",\"@id\":\"https:\\\/\\\/secure.gravatar.com\\\/avatar\\\/d62a93f131d21a85c7120e092fd5f94529d341aaad01f916df6bbb87b7f3bfeb?s=96&d=mm&r=g\",\"url\":\"https:\\\/\\\/secure.gravatar.com\\\/avatar\\\/d62a93f131d21a85c7120e092fd5f94529d341aaad01f916df6bbb87b7f3bfeb?s=96&d=mm&r=g\",\"contentUrl\":\"https:\\\/\\\/secure.gravatar.com\\\/avatar\\\/d62a93f131d21a85c7120e092fd5f94529d341aaad01f916df6bbb87b7f3bfeb?s=96&d=mm&r=g\",\"caption\":\"Gioppo&amp;Conti\"},\"url\":\"https:\\\/\\\/gioppoeconti.com.br\\\/blog\\\/author\\\/blog\\\/\"}]}<\/script>\n<!-- \/ Yoast SEO plugin. -->","yoast_head_json":{"title":"Cidadania italiana: entenda os processos que levaram o tema \u00e0 Corte Constitucional - Blog","description":"Casos de Campobasso chegam \u00e0 Corte Constitucional: o que est\u00e1 em jogo no julgamento da cidadania italiana em 11 de mar\u00e7o","robots":{"index":"index","follow":"follow","max-snippet":"max-snippet:-1","max-image-preview":"max-image-preview:large","max-video-preview":"max-video-preview:-1"},"canonical":"https:\/\/gioppoeconti.com.br\/blog\/cidadania-italiana-processos-tema-corte-constitucional\/","og_locale":"pt_BR","og_type":"article","og_title":"Cidadania italiana: entenda os processos que levaram o tema \u00e0 Corte Constitucional - Blog","og_description":"Casos de Campobasso chegam \u00e0 Corte Constitucional: o que est\u00e1 em jogo no julgamento da cidadania italiana em 11 de mar\u00e7o","og_url":"https:\/\/gioppoeconti.com.br\/blog\/cidadania-italiana-processos-tema-corte-constitucional\/","og_site_name":"Blog","article_published_time":"2026-03-05T20:56:09+00:00","article_modified_time":"2026-03-06T19:32:12+00:00","og_image":[{"width":1920,"height":1280,"url":"https:\/\/gioppoeconti.com.br\/blog\/wp-content\/uploads\/2026\/03\/pcdazero-torre-3690966_1920.jpg","type":"image\/jpeg"}],"author":"Gioppo&amp;Conti","twitter_card":"summary_large_image","twitter_misc":{"Escrito por":"Gioppo&amp;Conti","Est. tempo de leitura":"5 minutos"},"schema":{"@context":"https:\/\/schema.org","@graph":[{"@type":"Article","@id":"https:\/\/gioppoeconti.com.br\/blog\/cidadania-italiana-processos-tema-corte-constitucional\/#article","isPartOf":{"@id":"https:\/\/gioppoeconti.com.br\/blog\/cidadania-italiana-processos-tema-corte-constitucional\/"},"author":{"name":"Gioppo&amp;Conti","@id":"https:\/\/gioppoeconti.com.br\/blog\/#\/schema\/person\/55f24671052a48aa461627c2a1de9efa"},"headline":"Cidadania italiana: entenda os processos que levaram o tema \u00e0 Corte Constitucional","datePublished":"2026-03-05T20:56:09+00:00","dateModified":"2026-03-06T19:32:12+00:00","mainEntityOfPage":{"@id":"https:\/\/gioppoeconti.com.br\/blog\/cidadania-italiana-processos-tema-corte-constitucional\/"},"wordCount":807,"commentCount":0,"image":{"@id":"https:\/\/gioppoeconti.com.br\/blog\/cidadania-italiana-processos-tema-corte-constitucional\/#primaryimage"},"thumbnailUrl":"https:\/\/gioppoeconti.com.br\/blog\/wp-content\/uploads\/2026\/03\/pcdazero-torre-3690966_1920.jpg","keywords":["cidadania europeia","cidadania italiana","corte constitucional","decreto","Processos"],"articleSection":["Cidadania Italiana"],"inLanguage":"pt-BR","potentialAction":[{"@type":"CommentAction","name":"Comment","target":["https:\/\/gioppoeconti.com.br\/blog\/cidadania-italiana-processos-tema-corte-constitucional\/#respond"]}]},{"@type":"WebPage","@id":"https:\/\/gioppoeconti.com.br\/blog\/cidadania-italiana-processos-tema-corte-constitucional\/","url":"https:\/\/gioppoeconti.com.br\/blog\/cidadania-italiana-processos-tema-corte-constitucional\/","name":"Cidadania italiana: entenda os processos que levaram o tema \u00e0 Corte Constitucional - Blog","isPartOf":{"@id":"https:\/\/gioppoeconti.com.br\/blog\/#website"},"primaryImageOfPage":{"@id":"https:\/\/gioppoeconti.com.br\/blog\/cidadania-italiana-processos-tema-corte-constitucional\/#primaryimage"},"image":{"@id":"https:\/\/gioppoeconti.com.br\/blog\/cidadania-italiana-processos-tema-corte-constitucional\/#primaryimage"},"thumbnailUrl":"https:\/\/gioppoeconti.com.br\/blog\/wp-content\/uploads\/2026\/03\/pcdazero-torre-3690966_1920.jpg","datePublished":"2026-03-05T20:56:09+00:00","dateModified":"2026-03-06T19:32:12+00:00","author":{"@id":"https:\/\/gioppoeconti.com.br\/blog\/#\/schema\/person\/55f24671052a48aa461627c2a1de9efa"},"description":"Casos de Campobasso chegam \u00e0 Corte Constitucional: o que est\u00e1 em jogo no julgamento da cidadania italiana em 11 de mar\u00e7o","breadcrumb":{"@id":"https:\/\/gioppoeconti.com.br\/blog\/cidadania-italiana-processos-tema-corte-constitucional\/#breadcrumb"},"inLanguage":"pt-BR","potentialAction":[{"@type":"ReadAction","target":["https:\/\/gioppoeconti.com.br\/blog\/cidadania-italiana-processos-tema-corte-constitucional\/"]}]},{"@type":"ImageObject","inLanguage":"pt-BR","@id":"https:\/\/gioppoeconti.com.br\/blog\/cidadania-italiana-processos-tema-corte-constitucional\/#primaryimage","url":"https:\/\/gioppoeconti.com.br\/blog\/wp-content\/uploads\/2026\/03\/pcdazero-torre-3690966_1920.jpg","contentUrl":"https:\/\/gioppoeconti.com.br\/blog\/wp-content\/uploads\/2026\/03\/pcdazero-torre-3690966_1920.jpg","width":1920,"height":1280},{"@type":"BreadcrumbList","@id":"https:\/\/gioppoeconti.com.br\/blog\/cidadania-italiana-processos-tema-corte-constitucional\/#breadcrumb","itemListElement":[{"@type":"ListItem","position":1,"name":"In\u00edcio","item":"https:\/\/gioppoeconti.com.br\/blog\/"},{"@type":"ListItem","position":2,"name":"Cidadania italiana: entenda os processos que levaram o tema \u00e0 Corte Constitucional"}]},{"@type":"WebSite","@id":"https:\/\/gioppoeconti.com.br\/blog\/#website","url":"https:\/\/gioppoeconti.com.br\/blog\/","name":"Blog","description":"","potentialAction":[{"@type":"SearchAction","target":{"@type":"EntryPoint","urlTemplate":"https:\/\/gioppoeconti.com.br\/blog\/?s={search_term_string}"},"query-input":{"@type":"PropertyValueSpecification","valueRequired":true,"valueName":"search_term_string"}}],"inLanguage":"pt-BR"},{"@type":"Person","@id":"https:\/\/gioppoeconti.com.br\/blog\/#\/schema\/person\/55f24671052a48aa461627c2a1de9efa","name":"Gioppo&amp;Conti","image":{"@type":"ImageObject","inLanguage":"pt-BR","@id":"https:\/\/secure.gravatar.com\/avatar\/d62a93f131d21a85c7120e092fd5f94529d341aaad01f916df6bbb87b7f3bfeb?s=96&d=mm&r=g","url":"https:\/\/secure.gravatar.com\/avatar\/d62a93f131d21a85c7120e092fd5f94529d341aaad01f916df6bbb87b7f3bfeb?s=96&d=mm&r=g","contentUrl":"https:\/\/secure.gravatar.com\/avatar\/d62a93f131d21a85c7120e092fd5f94529d341aaad01f916df6bbb87b7f3bfeb?s=96&d=mm&r=g","caption":"Gioppo&amp;Conti"},"url":"https:\/\/gioppoeconti.com.br\/blog\/author\/blog\/"}]}},"_links":{"self":[{"href":"https:\/\/gioppoeconti.com.br\/blog\/wp-json\/wp\/v2\/posts\/6810","targetHints":{"allow":["GET"]}}],"collection":[{"href":"https:\/\/gioppoeconti.com.br\/blog\/wp-json\/wp\/v2\/posts"}],"about":[{"href":"https:\/\/gioppoeconti.com.br\/blog\/wp-json\/wp\/v2\/types\/post"}],"author":[{"embeddable":true,"href":"https:\/\/gioppoeconti.com.br\/blog\/wp-json\/wp\/v2\/users\/3"}],"replies":[{"embeddable":true,"href":"https:\/\/gioppoeconti.com.br\/blog\/wp-json\/wp\/v2\/comments?post=6810"}],"version-history":[{"count":4,"href":"https:\/\/gioppoeconti.com.br\/blog\/wp-json\/wp\/v2\/posts\/6810\/revisions"}],"predecessor-version":[{"id":6816,"href":"https:\/\/gioppoeconti.com.br\/blog\/wp-json\/wp\/v2\/posts\/6810\/revisions\/6816"}],"wp:featuredmedia":[{"embeddable":true,"href":"https:\/\/gioppoeconti.com.br\/blog\/wp-json\/wp\/v2\/media\/6811"}],"wp:attachment":[{"href":"https:\/\/gioppoeconti.com.br\/blog\/wp-json\/wp\/v2\/media?parent=6810"}],"wp:term":[{"taxonomy":"category","embeddable":true,"href":"https:\/\/gioppoeconti.com.br\/blog\/wp-json\/wp\/v2\/categories?post=6810"},{"taxonomy":"post_tag","embeddable":true,"href":"https:\/\/gioppoeconti.com.br\/blog\/wp-json\/wp\/v2\/tags?post=6810"}],"curies":[{"name":"wp","href":"https:\/\/api.w.org\/{rel}","templated":true}]}}