{"id":6803,"date":"2026-02-19T21:11:35","date_gmt":"2026-02-19T21:11:35","guid":{"rendered":"https:\/\/gioppoeconti.com.br\/blog\/?p=6803"},"modified":"2026-02-19T21:11:35","modified_gmt":"2026-02-19T21:11:35","slug":"camara-aprova-prazo-cidadania-italiana-menores","status":"publish","type":"post","link":"https:\/\/gioppoeconti.com.br\/blog\/camara-aprova-prazo-cidadania-italiana-menores\/","title":{"rendered":"C\u00e2mara aprova texto que prorroga prazo da cidadania italiana para menores at\u00e9 2029"},"content":{"rendered":"\n<p><strong>Italianismo<br>17\/02\/2026<\/strong><\/p>\n\n\n\n<p>A C\u00e2mara dos Deputados da It\u00e1lia aprovou em comiss\u00e3o o texto que prorroga at\u00e9 <strong>31 de maio de 2029<\/strong> o prazo para pais declararem a vontade de reconhecer a cidadania italiana para menores, conforme previsto na <strong>Lei 74\/2025<\/strong>.<\/p>\n\n\n\n<p>A proposta substitui o limite anterior, que era 31 de maio de 2026, e agora segue para vota\u00e7\u00e3o final com voto de confian\u00e7a. Se confirmada, a medida ser\u00e1 encaminhada ao Senado e precisar\u00e1 ser convertida em lei at\u00e9 1\u00ba de mar\u00e7o dentro do decreto <strong>Milleproroghe<\/strong>.<\/p>\n\n\n\n<p>A prorroga\u00e7\u00e3o \u00e9 considerada relevante para fam\u00edlias no exterior, especialmente diante das dificuldades de agendamento consular, emiss\u00e3o de certid\u00f5es e regulariza\u00e7\u00e3o no AIRE.<\/p>\n\n\n\n<p><a href=\"https:\/\/italianismo.com.br\/camara-aprova-texto-que-prorroga-prazo-da-cidadania-italiana-para-menores-ate-2029\/\">Leia a mat\u00e9ria completa e entenda todos os detalhes dessa atualiza\u00e7\u00e3o legislativa.<\/a><\/p>\n\n\n\n<p><\/p>\n","protected":false},"excerpt":{"rendered":"<p>Italianismo17\/02\/2026 A C\u00e2mara dos Deputados da It\u00e1lia aprovou em comiss\u00e3o o texto que prorroga at\u00e9 31 de maio de 2029 o prazo para pais declararem a vontade de reconhecer a cidadania italiana para menores, conforme previsto na Lei 74\/2025. A proposta substitui o limite anterior, que era 31 de maio de 2026, e agora segue&hellip;&nbsp;<a href=\"https:\/\/gioppoeconti.com.br\/blog\/camara-aprova-prazo-cidadania-italiana-menores\/\" rel=\"bookmark\"><span class=\"screen-reader-text\">C\u00e2mara aprova texto que prorroga prazo da cidadania italiana para menores at\u00e9 2029<\/span><\/a><\/p>\n","protected":false},"author":3,"featured_media":6804,"comment_status":"open","ping_status":"open","sticky":false,"template":"","format":"standard","meta":{"neve_meta_sidebar":"","neve_meta_container":"","neve_meta_enable_content_width":"","neve_meta_content_width":0,"neve_meta_title_alignment":"","neve_meta_author_avatar":"","neve_post_elements_order":"","neve_meta_disable_header":"","neve_meta_disable_footer":"","neve_meta_disable_title":"","footnotes":""},"categories":[3,4,8],"tags":[99,14,16,17],"class_list":["post-6803","post","type-post","status-publish","format-standard","has-post-thumbnail","hentry","category-cidadania-europeia","category-cidadania-italiana","category-noticias","tag-camara","tag-cidadania","tag-cidadania-europeia","tag-cidadania-italiana"],"yoast_head":"<!-- This site is optimized with the Yoast SEO plugin v27.4 - https:\/\/yoast.com\/product\/yoast-seo-wordpress\/ -->\n<title>C\u00e2mara aprova texto que prorroga prazo da cidadania italiana para menores at\u00e9 2029 - Blog<\/title>\n<meta name=\"description\" content=\"A C\u00e2mara dos Deputados da It\u00e1lia aprovou em comiss\u00e3o o texto que prorroga at\u00e9 31 de maio de 2029 o prazo para pais declararem a vontade de reconhecer a cidadania italiana para menores, conforme previsto na Lei 74\/2025.\" \/>\n<meta name=\"robots\" content=\"index, follow, max-snippet:-1, max-image-preview:large, max-video-preview:-1\" \/>\n<link rel=\"canonical\" href=\"https:\/\/gioppoeconti.com.br\/blog\/camara-aprova-prazo-cidadania-italiana-menores\/\" \/>\n<meta property=\"og:locale\" content=\"pt_BR\" \/>\n<meta property=\"og:type\" content=\"article\" \/>\n<meta property=\"og:title\" content=\"C\u00e2mara aprova texto que prorroga prazo da cidadania italiana para menores at\u00e9 2029 - Blog\" \/>\n<meta property=\"og:description\" content=\"A C\u00e2mara dos Deputados da It\u00e1lia aprovou em comiss\u00e3o o texto que prorroga at\u00e9 31 de maio de 2029 o prazo para pais declararem a vontade de reconhecer a cidadania italiana para menores, conforme previsto na Lei 74\/2025.\" \/>\n<meta property=\"og:url\" content=\"https:\/\/gioppoeconti.com.br\/blog\/camara-aprova-prazo-cidadania-italiana-menores\/\" \/>\n<meta property=\"og:site_name\" content=\"Blog\" \/>\n<meta property=\"article:published_time\" content=\"2026-02-19T21:11:35+00:00\" \/>\n<meta property=\"og:image\" content=\"https:\/\/gioppoeconti.com.br\/blog\/wp-content\/uploads\/2026\/02\/2147792-mama-5098862_1280.jpg\" \/>\n\t<meta property=\"og:image:width\" content=\"1280\" \/>\n\t<meta property=\"og:image:height\" content=\"853\" \/>\n\t<meta property=\"og:image:type\" content=\"image\/jpeg\" \/>\n<meta name=\"author\" content=\"Gioppo&amp;Conti\" \/>\n<meta name=\"twitter:card\" content=\"summary_large_image\" \/>\n<meta name=\"twitter:label1\" content=\"Escrito por\" \/>\n\t<meta name=\"twitter:data1\" content=\"Gioppo&amp;Conti\" \/>\n\t<meta name=\"twitter:label2\" content=\"Est. tempo de leitura\" \/>\n\t<meta name=\"twitter:data2\" content=\"1 minuto\" \/>\n<script type=\"application\/ld+json\" class=\"yoast-schema-graph\">{\"@context\":\"https:\\\/\\\/schema.org\",\"@graph\":[{\"@type\":\"Article\",\"@id\":\"https:\\\/\\\/gioppoeconti.com.br\\\/blog\\\/camara-aprova-prazo-cidadania-italiana-menores\\\/#article\",\"isPartOf\":{\"@id\":\"https:\\\/\\\/gioppoeconti.com.br\\\/blog\\\/camara-aprova-prazo-cidadania-italiana-menores\\\/\"},\"author\":{\"name\":\"Gioppo&amp;Conti\",\"@id\":\"https:\\\/\\\/gioppoeconti.com.br\\\/blog\\\/#\\\/schema\\\/person\\\/55f24671052a48aa461627c2a1de9efa\"},\"headline\":\"C\u00e2mara aprova texto que prorroga prazo da cidadania italiana para menores at\u00e9 2029\",\"datePublished\":\"2026-02-19T21:11:35+00:00\",\"mainEntityOfPage\":{\"@id\":\"https:\\\/\\\/gioppoeconti.com.br\\\/blog\\\/camara-aprova-prazo-cidadania-italiana-menores\\\/\"},\"wordCount\":138,\"commentCount\":0,\"image\":{\"@id\":\"https:\\\/\\\/gioppoeconti.com.br\\\/blog\\\/camara-aprova-prazo-cidadania-italiana-menores\\\/#primaryimage\"},\"thumbnailUrl\":\"https:\\\/\\\/gioppoeconti.com.br\\\/blog\\\/wp-content\\\/uploads\\\/2026\\\/02\\\/2147792-mama-5098862_1280.jpg\",\"keywords\":[\"c\u00e2mara\",\"cidadania\",\"cidadania europeia\",\"cidadania italiana\"],\"articleSection\":[\"Cidadania Europeia\",\"Cidadania Italiana\",\"Not\u00edcias\"],\"inLanguage\":\"pt-BR\",\"potentialAction\":[{\"@type\":\"CommentAction\",\"name\":\"Comment\",\"target\":[\"https:\\\/\\\/gioppoeconti.com.br\\\/blog\\\/camara-aprova-prazo-cidadania-italiana-menores\\\/#respond\"]}]},{\"@type\":\"WebPage\",\"@id\":\"https:\\\/\\\/gioppoeconti.com.br\\\/blog\\\/camara-aprova-prazo-cidadania-italiana-menores\\\/\",\"url\":\"https:\\\/\\\/gioppoeconti.com.br\\\/blog\\\/camara-aprova-prazo-cidadania-italiana-menores\\\/\",\"name\":\"C\u00e2mara aprova texto que prorroga prazo da cidadania italiana para menores at\u00e9 2029 - Blog\",\"isPartOf\":{\"@id\":\"https:\\\/\\\/gioppoeconti.com.br\\\/blog\\\/#website\"},\"primaryImageOfPage\":{\"@id\":\"https:\\\/\\\/gioppoeconti.com.br\\\/blog\\\/camara-aprova-prazo-cidadania-italiana-menores\\\/#primaryimage\"},\"image\":{\"@id\":\"https:\\\/\\\/gioppoeconti.com.br\\\/blog\\\/camara-aprova-prazo-cidadania-italiana-menores\\\/#primaryimage\"},\"thumbnailUrl\":\"https:\\\/\\\/gioppoeconti.com.br\\\/blog\\\/wp-content\\\/uploads\\\/2026\\\/02\\\/2147792-mama-5098862_1280.jpg\",\"datePublished\":\"2026-02-19T21:11:35+00:00\",\"author\":{\"@id\":\"https:\\\/\\\/gioppoeconti.com.br\\\/blog\\\/#\\\/schema\\\/person\\\/55f24671052a48aa461627c2a1de9efa\"},\"description\":\"A C\u00e2mara dos Deputados da It\u00e1lia aprovou em comiss\u00e3o o texto que prorroga at\u00e9 31 de maio de 2029 o prazo para pais declararem a vontade de reconhecer a cidadania italiana para menores, conforme previsto na Lei 74\\\/2025.\",\"breadcrumb\":{\"@id\":\"https:\\\/\\\/gioppoeconti.com.br\\\/blog\\\/camara-aprova-prazo-cidadania-italiana-menores\\\/#breadcrumb\"},\"inLanguage\":\"pt-BR\",\"potentialAction\":[{\"@type\":\"ReadAction\",\"target\":[\"https:\\\/\\\/gioppoeconti.com.br\\\/blog\\\/camara-aprova-prazo-cidadania-italiana-menores\\\/\"]}]},{\"@type\":\"ImageObject\",\"inLanguage\":\"pt-BR\",\"@id\":\"https:\\\/\\\/gioppoeconti.com.br\\\/blog\\\/camara-aprova-prazo-cidadania-italiana-menores\\\/#primaryimage\",\"url\":\"https:\\\/\\\/gioppoeconti.com.br\\\/blog\\\/wp-content\\\/uploads\\\/2026\\\/02\\\/2147792-mama-5098862_1280.jpg\",\"contentUrl\":\"https:\\\/\\\/gioppoeconti.com.br\\\/blog\\\/wp-content\\\/uploads\\\/2026\\\/02\\\/2147792-mama-5098862_1280.jpg\",\"width\":1280,\"height\":853},{\"@type\":\"BreadcrumbList\",\"@id\":\"https:\\\/\\\/gioppoeconti.com.br\\\/blog\\\/camara-aprova-prazo-cidadania-italiana-menores\\\/#breadcrumb\",\"itemListElement\":[{\"@type\":\"ListItem\",\"position\":1,\"name\":\"In\u00edcio\",\"item\":\"https:\\\/\\\/gioppoeconti.com.br\\\/blog\\\/\"},{\"@type\":\"ListItem\",\"position\":2,\"name\":\"C\u00e2mara aprova texto que prorroga prazo da cidadania italiana para menores at\u00e9 2029\"}]},{\"@type\":\"WebSite\",\"@id\":\"https:\\\/\\\/gioppoeconti.com.br\\\/blog\\\/#website\",\"url\":\"https:\\\/\\\/gioppoeconti.com.br\\\/blog\\\/\",\"name\":\"Blog\",\"description\":\"\",\"potentialAction\":[{\"@type\":\"SearchAction\",\"target\":{\"@type\":\"EntryPoint\",\"urlTemplate\":\"https:\\\/\\\/gioppoeconti.com.br\\\/blog\\\/?s={search_term_string}\"},\"query-input\":{\"@type\":\"PropertyValueSpecification\",\"valueRequired\":true,\"valueName\":\"search_term_string\"}}],\"inLanguage\":\"pt-BR\"},{\"@type\":\"Person\",\"@id\":\"https:\\\/\\\/gioppoeconti.com.br\\\/blog\\\/#\\\/schema\\\/person\\\/55f24671052a48aa461627c2a1de9efa\",\"name\":\"Gioppo&amp;Conti\",\"image\":{\"@type\":\"ImageObject\",\"inLanguage\":\"pt-BR\",\"@id\":\"https:\\\/\\\/secure.gravatar.com\\\/avatar\\\/d62a93f131d21a85c7120e092fd5f94529d341aaad01f916df6bbb87b7f3bfeb?s=96&d=mm&r=g\",\"url\":\"https:\\\/\\\/secure.gravatar.com\\\/avatar\\\/d62a93f131d21a85c7120e092fd5f94529d341aaad01f916df6bbb87b7f3bfeb?s=96&d=mm&r=g\",\"contentUrl\":\"https:\\\/\\\/secure.gravatar.com\\\/avatar\\\/d62a93f131d21a85c7120e092fd5f94529d341aaad01f916df6bbb87b7f3bfeb?s=96&d=mm&r=g\",\"caption\":\"Gioppo&amp;Conti\"},\"url\":\"https:\\\/\\\/gioppoeconti.com.br\\\/blog\\\/author\\\/blog\\\/\"}]}<\/script>\n<!-- \/ Yoast SEO plugin. -->","yoast_head_json":{"title":"C\u00e2mara aprova texto que prorroga prazo da cidadania italiana para menores at\u00e9 2029 - Blog","description":"A C\u00e2mara dos Deputados da It\u00e1lia aprovou em comiss\u00e3o o texto que prorroga at\u00e9 31 de maio de 2029 o prazo para pais declararem a vontade de reconhecer a cidadania italiana para menores, conforme previsto na Lei 74\/2025.","robots":{"index":"index","follow":"follow","max-snippet":"max-snippet:-1","max-image-preview":"max-image-preview:large","max-video-preview":"max-video-preview:-1"},"canonical":"https:\/\/gioppoeconti.com.br\/blog\/camara-aprova-prazo-cidadania-italiana-menores\/","og_locale":"pt_BR","og_type":"article","og_title":"C\u00e2mara aprova texto que prorroga prazo da cidadania italiana para menores at\u00e9 2029 - Blog","og_description":"A C\u00e2mara dos Deputados da It\u00e1lia aprovou em comiss\u00e3o o texto que prorroga at\u00e9 31 de maio de 2029 o prazo para pais declararem a vontade de reconhecer a cidadania italiana para menores, conforme previsto na Lei 74\/2025.","og_url":"https:\/\/gioppoeconti.com.br\/blog\/camara-aprova-prazo-cidadania-italiana-menores\/","og_site_name":"Blog","article_published_time":"2026-02-19T21:11:35+00:00","og_image":[{"width":1280,"height":853,"url":"https:\/\/gioppoeconti.com.br\/blog\/wp-content\/uploads\/2026\/02\/2147792-mama-5098862_1280.jpg","type":"image\/jpeg"}],"author":"Gioppo&amp;Conti","twitter_card":"summary_large_image","twitter_misc":{"Escrito por":"Gioppo&amp;Conti","Est. tempo de leitura":"1 minuto"},"schema":{"@context":"https:\/\/schema.org","@graph":[{"@type":"Article","@id":"https:\/\/gioppoeconti.com.br\/blog\/camara-aprova-prazo-cidadania-italiana-menores\/#article","isPartOf":{"@id":"https:\/\/gioppoeconti.com.br\/blog\/camara-aprova-prazo-cidadania-italiana-menores\/"},"author":{"name":"Gioppo&amp;Conti","@id":"https:\/\/gioppoeconti.com.br\/blog\/#\/schema\/person\/55f24671052a48aa461627c2a1de9efa"},"headline":"C\u00e2mara aprova texto que prorroga prazo da cidadania italiana para menores at\u00e9 2029","datePublished":"2026-02-19T21:11:35+00:00","mainEntityOfPage":{"@id":"https:\/\/gioppoeconti.com.br\/blog\/camara-aprova-prazo-cidadania-italiana-menores\/"},"wordCount":138,"commentCount":0,"image":{"@id":"https:\/\/gioppoeconti.com.br\/blog\/camara-aprova-prazo-cidadania-italiana-menores\/#primaryimage"},"thumbnailUrl":"https:\/\/gioppoeconti.com.br\/blog\/wp-content\/uploads\/2026\/02\/2147792-mama-5098862_1280.jpg","keywords":["c\u00e2mara","cidadania","cidadania europeia","cidadania italiana"],"articleSection":["Cidadania Europeia","Cidadania Italiana","Not\u00edcias"],"inLanguage":"pt-BR","potentialAction":[{"@type":"CommentAction","name":"Comment","target":["https:\/\/gioppoeconti.com.br\/blog\/camara-aprova-prazo-cidadania-italiana-menores\/#respond"]}]},{"@type":"WebPage","@id":"https:\/\/gioppoeconti.com.br\/blog\/camara-aprova-prazo-cidadania-italiana-menores\/","url":"https:\/\/gioppoeconti.com.br\/blog\/camara-aprova-prazo-cidadania-italiana-menores\/","name":"C\u00e2mara aprova texto que prorroga prazo da cidadania italiana para menores at\u00e9 2029 - Blog","isPartOf":{"@id":"https:\/\/gioppoeconti.com.br\/blog\/#website"},"primaryImageOfPage":{"@id":"https:\/\/gioppoeconti.com.br\/blog\/camara-aprova-prazo-cidadania-italiana-menores\/#primaryimage"},"image":{"@id":"https:\/\/gioppoeconti.com.br\/blog\/camara-aprova-prazo-cidadania-italiana-menores\/#primaryimage"},"thumbnailUrl":"https:\/\/gioppoeconti.com.br\/blog\/wp-content\/uploads\/2026\/02\/2147792-mama-5098862_1280.jpg","datePublished":"2026-02-19T21:11:35+00:00","author":{"@id":"https:\/\/gioppoeconti.com.br\/blog\/#\/schema\/person\/55f24671052a48aa461627c2a1de9efa"},"description":"A C\u00e2mara dos Deputados da It\u00e1lia aprovou em comiss\u00e3o o texto que prorroga at\u00e9 31 de maio de 2029 o prazo para pais declararem a vontade de reconhecer a cidadania italiana para menores, conforme previsto na Lei 74\/2025.","breadcrumb":{"@id":"https:\/\/gioppoeconti.com.br\/blog\/camara-aprova-prazo-cidadania-italiana-menores\/#breadcrumb"},"inLanguage":"pt-BR","potentialAction":[{"@type":"ReadAction","target":["https:\/\/gioppoeconti.com.br\/blog\/camara-aprova-prazo-cidadania-italiana-menores\/"]}]},{"@type":"ImageObject","inLanguage":"pt-BR","@id":"https:\/\/gioppoeconti.com.br\/blog\/camara-aprova-prazo-cidadania-italiana-menores\/#primaryimage","url":"https:\/\/gioppoeconti.com.br\/blog\/wp-content\/uploads\/2026\/02\/2147792-mama-5098862_1280.jpg","contentUrl":"https:\/\/gioppoeconti.com.br\/blog\/wp-content\/uploads\/2026\/02\/2147792-mama-5098862_1280.jpg","width":1280,"height":853},{"@type":"BreadcrumbList","@id":"https:\/\/gioppoeconti.com.br\/blog\/camara-aprova-prazo-cidadania-italiana-menores\/#breadcrumb","itemListElement":[{"@type":"ListItem","position":1,"name":"In\u00edcio","item":"https:\/\/gioppoeconti.com.br\/blog\/"},{"@type":"ListItem","position":2,"name":"C\u00e2mara aprova texto que prorroga prazo da cidadania italiana para menores at\u00e9 2029"}]},{"@type":"WebSite","@id":"https:\/\/gioppoeconti.com.br\/blog\/#website","url":"https:\/\/gioppoeconti.com.br\/blog\/","name":"Blog","description":"","potentialAction":[{"@type":"SearchAction","target":{"@type":"EntryPoint","urlTemplate":"https:\/\/gioppoeconti.com.br\/blog\/?s={search_term_string}"},"query-input":{"@type":"PropertyValueSpecification","valueRequired":true,"valueName":"search_term_string"}}],"inLanguage":"pt-BR"},{"@type":"Person","@id":"https:\/\/gioppoeconti.com.br\/blog\/#\/schema\/person\/55f24671052a48aa461627c2a1de9efa","name":"Gioppo&amp;Conti","image":{"@type":"ImageObject","inLanguage":"pt-BR","@id":"https:\/\/secure.gravatar.com\/avatar\/d62a93f131d21a85c7120e092fd5f94529d341aaad01f916df6bbb87b7f3bfeb?s=96&d=mm&r=g","url":"https:\/\/secure.gravatar.com\/avatar\/d62a93f131d21a85c7120e092fd5f94529d341aaad01f916df6bbb87b7f3bfeb?s=96&d=mm&r=g","contentUrl":"https:\/\/secure.gravatar.com\/avatar\/d62a93f131d21a85c7120e092fd5f94529d341aaad01f916df6bbb87b7f3bfeb?s=96&d=mm&r=g","caption":"Gioppo&amp;Conti"},"url":"https:\/\/gioppoeconti.com.br\/blog\/author\/blog\/"}]}},"_links":{"self":[{"href":"https:\/\/gioppoeconti.com.br\/blog\/wp-json\/wp\/v2\/posts\/6803","targetHints":{"allow":["GET"]}}],"collection":[{"href":"https:\/\/gioppoeconti.com.br\/blog\/wp-json\/wp\/v2\/posts"}],"about":[{"href":"https:\/\/gioppoeconti.com.br\/blog\/wp-json\/wp\/v2\/types\/post"}],"author":[{"embeddable":true,"href":"https:\/\/gioppoeconti.com.br\/blog\/wp-json\/wp\/v2\/users\/3"}],"replies":[{"embeddable":true,"href":"https:\/\/gioppoeconti.com.br\/blog\/wp-json\/wp\/v2\/comments?post=6803"}],"version-history":[{"count":2,"href":"https:\/\/gioppoeconti.com.br\/blog\/wp-json\/wp\/v2\/posts\/6803\/revisions"}],"predecessor-version":[{"id":6806,"href":"https:\/\/gioppoeconti.com.br\/blog\/wp-json\/wp\/v2\/posts\/6803\/revisions\/6806"}],"wp:featuredmedia":[{"embeddable":true,"href":"https:\/\/gioppoeconti.com.br\/blog\/wp-json\/wp\/v2\/media\/6804"}],"wp:attachment":[{"href":"https:\/\/gioppoeconti.com.br\/blog\/wp-json\/wp\/v2\/media?parent=6803"}],"wp:term":[{"taxonomy":"category","embeddable":true,"href":"https:\/\/gioppoeconti.com.br\/blog\/wp-json\/wp\/v2\/categories?post=6803"},{"taxonomy":"post_tag","embeddable":true,"href":"https:\/\/gioppoeconti.com.br\/blog\/wp-json\/wp\/v2\/tags?post=6803"}],"curies":[{"name":"wp","href":"https:\/\/api.w.org\/{rel}","templated":true}]}}