{"id":6748,"date":"2025-12-11T20:31:51","date_gmt":"2025-12-11T20:31:51","guid":{"rendered":"https:\/\/gioppoeconti.com.br\/blog\/?p=6748"},"modified":"2025-12-15T13:25:57","modified_gmt":"2025-12-15T13:25:57","slug":"centro-cultural-portugues-santos-identidade-luso-brasileira","status":"publish","type":"post","link":"https:\/\/gioppoeconti.com.br\/blog\/centro-cultural-portugues-santos-identidade-luso-brasileira\/","title":{"rendered":"Centro Cultural Portugu\u00eas de Santos celebra 130 anos"},"content":{"rendered":"\n<p>O <strong>Centro Cultural Portugu\u00eas de Santos<\/strong> celebrou, em novembro, seus <strong>130 anos de hist\u00f3ria<\/strong>. A comemora\u00e7\u00e3o reuniu autoridades brasileiras e portuguesas, associados e representantes da comunidade luso-brasileira.<\/p>\n\n\n\n<p>Ao longo do evento, realizado no tradicional <strong>Teatro Arm\u00eanio Mendes<\/strong>, a institui\u00e7\u00e3o destacou sua trajet\u00f3ria como um dos principais espa\u00e7os de <strong>preserva\u00e7\u00e3o da cultura portuguesa no Brasil<\/strong>. V\u00eddeos e registros hist\u00f3ricos relembraram a constru\u00e7\u00e3o da sede e a chegada dos imigrantes portugueses \u00e0 cidade de Santos.<\/p>\n\n\n\n<p><strong>Al\u00e9m disso<\/strong>, a cerim\u00f4nia contou com homenagens a ex-presidentes e lideran\u00e7as que contribu\u00edram para a consolida\u00e7\u00e3o do Centro ao longo das d\u00e9cadas. Esses reconhecimentos refor\u00e7am a import\u00e2ncia do trabalho coletivo na manuten\u00e7\u00e3o da entidade.<\/p>\n\n\n\n<p><strong>Nesse contexto<\/strong>, o atual presidente, <strong>Jos\u00e9 Duarte de Almeida Alves<\/strong>, foi agraciado com a <strong>Medalha Jos\u00e9 Bonif\u00e1cio<\/strong>. A honraria, uma das mais importantes do munic\u00edpio, reconhece sua atua\u00e7\u00e3o em prol da cultura e da hist\u00f3ria lusitana.<\/p>\n\n\n\n<p><strong>Mais do que uma celebra\u00e7\u00e3o<\/strong>, os 130 anos do Centro Cultural Portugu\u00eas simbolizam a for\u00e7a da <strong>identidade luso-brasileira<\/strong>. A institui\u00e7\u00e3o segue como um elo vivo entre Brasil e Portugal, preservando tradi\u00e7\u00f5es e fortalecendo la\u00e7os culturais.<\/p>\n\n\n\n<p>O Centro reafirma seu papel como patrim\u00f4nio hist\u00f3rico da Baixada Santista e como espa\u00e7o de mem\u00f3ria, conviv\u00eancia e valoriza\u00e7\u00e3o da heran\u00e7a portuguesa no Brasil.<\/p>\n\n\n\n<p><br><strong><a href=\"https:\/\/www.mundolusiada.com.br\/centro-cultural-portugues-de-santos-celebra-130-anos-com-reafirmacao-da-identidade-luso-brasileira\/\">Leia a mat\u00e9ria completa e mergulhe na for\u00e7a da cultura luso-brasileira que segue viva em Santos.<\/a><\/strong><\/p>\n\n\n\n<p><\/p>\n","protected":false},"excerpt":{"rendered":"<p>O Centro Cultural Portugu\u00eas de Santos celebrou, em novembro, seus 130 anos de hist\u00f3ria. A comemora\u00e7\u00e3o reuniu autoridades brasileiras e portuguesas, associados e representantes da comunidade luso-brasileira. Ao longo do evento, realizado no tradicional Teatro Arm\u00eanio Mendes, a institui\u00e7\u00e3o destacou sua trajet\u00f3ria como um dos principais espa\u00e7os de preserva\u00e7\u00e3o da cultura portuguesa no Brasil. V\u00eddeos&hellip;&nbsp;<a href=\"https:\/\/gioppoeconti.com.br\/blog\/centro-cultural-portugues-santos-identidade-luso-brasileira\/\" rel=\"bookmark\"><span class=\"screen-reader-text\">Centro Cultural Portugu\u00eas de Santos celebra 130 anos<\/span><\/a><\/p>\n","protected":false},"author":3,"featured_media":6749,"comment_status":"open","ping_status":"open","sticky":false,"template":"","format":"standard","meta":{"neve_meta_sidebar":"","neve_meta_container":"","neve_meta_enable_content_width":"","neve_meta_content_width":0,"neve_meta_title_alignment":"","neve_meta_author_avatar":"","neve_post_elements_order":"","neve_meta_disable_header":"","neve_meta_disable_footer":"","neve_meta_disable_title":"","footnotes":""},"categories":[5],"tags":[91,16,18,93,92],"class_list":["post-6748","post","type-post","status-publish","format-standard","has-post-thumbnail","hentry","category-cidadania-portuguesa","tag-centro-cultural","tag-cidadania-europeia","tag-cidadania-portuguesa","tag-luso-brasileiro","tag-santos"],"yoast_head":"<!-- This site is optimized with the Yoast SEO plugin v27.4 - https:\/\/yoast.com\/product\/yoast-seo-wordpress\/ -->\n<title>Centro Cultural Portugu\u00eas de Santos celebra 130 anos - Blog<\/title>\n<meta name=\"description\" content=\"O Centro Cultural Portugu\u00eas de Santos comemora 130 anos reafirmando sua import\u00e2ncia na preserva\u00e7\u00e3o da cultura luso-brasileira com cerim\u00f4nia marcada por homenagens e hist\u00f3ria.\" \/>\n<meta name=\"robots\" content=\"index, follow, max-snippet:-1, max-image-preview:large, max-video-preview:-1\" \/>\n<link rel=\"canonical\" href=\"https:\/\/gioppoeconti.com.br\/blog\/centro-cultural-portugues-santos-identidade-luso-brasileira\/\" \/>\n<meta property=\"og:locale\" content=\"pt_BR\" \/>\n<meta property=\"og:type\" content=\"article\" \/>\n<meta property=\"og:title\" content=\"Centro Cultural Portugu\u00eas de Santos celebra 130 anos - Blog\" \/>\n<meta property=\"og:description\" content=\"O Centro Cultural Portugu\u00eas de Santos comemora 130 anos reafirmando sua import\u00e2ncia na preserva\u00e7\u00e3o da cultura luso-brasileira com cerim\u00f4nia marcada por homenagens e hist\u00f3ria.\" \/>\n<meta property=\"og:url\" content=\"https:\/\/gioppoeconti.com.br\/blog\/centro-cultural-portugues-santos-identidade-luso-brasileira\/\" \/>\n<meta property=\"og:site_name\" content=\"Blog\" \/>\n<meta property=\"article:published_time\" content=\"2025-12-11T20:31:51+00:00\" \/>\n<meta property=\"article:modified_time\" content=\"2025-12-15T13:25:57+00:00\" \/>\n<meta property=\"og:image\" content=\"https:\/\/gioppoeconti.com.br\/blog\/wp-content\/uploads\/2025\/12\/portugal-1561936_1280.jpg\" \/>\n\t<meta property=\"og:image:width\" content=\"1280\" \/>\n\t<meta property=\"og:image:height\" content=\"898\" \/>\n\t<meta property=\"og:image:type\" content=\"image\/jpeg\" \/>\n<meta name=\"author\" content=\"Gioppo&amp;Conti\" \/>\n<meta name=\"twitter:card\" content=\"summary_large_image\" \/>\n<meta name=\"twitter:label1\" content=\"Escrito por\" \/>\n\t<meta name=\"twitter:data1\" content=\"Gioppo&amp;Conti\" \/>\n\t<meta name=\"twitter:label2\" content=\"Est. tempo de leitura\" \/>\n\t<meta name=\"twitter:data2\" content=\"2 minutos\" \/>\n<script type=\"application\/ld+json\" class=\"yoast-schema-graph\">{\"@context\":\"https:\\\/\\\/schema.org\",\"@graph\":[{\"@type\":\"Article\",\"@id\":\"https:\\\/\\\/gioppoeconti.com.br\\\/blog\\\/centro-cultural-portugues-santos-identidade-luso-brasileira\\\/#article\",\"isPartOf\":{\"@id\":\"https:\\\/\\\/gioppoeconti.com.br\\\/blog\\\/centro-cultural-portugues-santos-identidade-luso-brasileira\\\/\"},\"author\":{\"name\":\"Gioppo&amp;Conti\",\"@id\":\"https:\\\/\\\/gioppoeconti.com.br\\\/blog\\\/#\\\/schema\\\/person\\\/55f24671052a48aa461627c2a1de9efa\"},\"headline\":\"Centro Cultural Portugu\u00eas de Santos celebra 130 anos\",\"datePublished\":\"2025-12-11T20:31:51+00:00\",\"dateModified\":\"2025-12-15T13:25:57+00:00\",\"mainEntityOfPage\":{\"@id\":\"https:\\\/\\\/gioppoeconti.com.br\\\/blog\\\/centro-cultural-portugues-santos-identidade-luso-brasileira\\\/\"},\"wordCount\":262,\"commentCount\":0,\"image\":{\"@id\":\"https:\\\/\\\/gioppoeconti.com.br\\\/blog\\\/centro-cultural-portugues-santos-identidade-luso-brasileira\\\/#primaryimage\"},\"thumbnailUrl\":\"https:\\\/\\\/gioppoeconti.com.br\\\/blog\\\/wp-content\\\/uploads\\\/2025\\\/12\\\/portugal-1561936_1280.jpg\",\"keywords\":[\"centro cultural\",\"cidadania europeia\",\"cidadania portuguesa\",\"luso-brasileiro\",\"santos\"],\"articleSection\":[\"Cidadania Portuguesa\"],\"inLanguage\":\"pt-BR\",\"potentialAction\":[{\"@type\":\"CommentAction\",\"name\":\"Comment\",\"target\":[\"https:\\\/\\\/gioppoeconti.com.br\\\/blog\\\/centro-cultural-portugues-santos-identidade-luso-brasileira\\\/#respond\"]}]},{\"@type\":\"WebPage\",\"@id\":\"https:\\\/\\\/gioppoeconti.com.br\\\/blog\\\/centro-cultural-portugues-santos-identidade-luso-brasileira\\\/\",\"url\":\"https:\\\/\\\/gioppoeconti.com.br\\\/blog\\\/centro-cultural-portugues-santos-identidade-luso-brasileira\\\/\",\"name\":\"Centro Cultural Portugu\u00eas de Santos celebra 130 anos - Blog\",\"isPartOf\":{\"@id\":\"https:\\\/\\\/gioppoeconti.com.br\\\/blog\\\/#website\"},\"primaryImageOfPage\":{\"@id\":\"https:\\\/\\\/gioppoeconti.com.br\\\/blog\\\/centro-cultural-portugues-santos-identidade-luso-brasileira\\\/#primaryimage\"},\"image\":{\"@id\":\"https:\\\/\\\/gioppoeconti.com.br\\\/blog\\\/centro-cultural-portugues-santos-identidade-luso-brasileira\\\/#primaryimage\"},\"thumbnailUrl\":\"https:\\\/\\\/gioppoeconti.com.br\\\/blog\\\/wp-content\\\/uploads\\\/2025\\\/12\\\/portugal-1561936_1280.jpg\",\"datePublished\":\"2025-12-11T20:31:51+00:00\",\"dateModified\":\"2025-12-15T13:25:57+00:00\",\"author\":{\"@id\":\"https:\\\/\\\/gioppoeconti.com.br\\\/blog\\\/#\\\/schema\\\/person\\\/55f24671052a48aa461627c2a1de9efa\"},\"description\":\"O Centro Cultural Portugu\u00eas de Santos comemora 130 anos reafirmando sua import\u00e2ncia na preserva\u00e7\u00e3o da cultura luso-brasileira com cerim\u00f4nia marcada por homenagens e hist\u00f3ria.\",\"breadcrumb\":{\"@id\":\"https:\\\/\\\/gioppoeconti.com.br\\\/blog\\\/centro-cultural-portugues-santos-identidade-luso-brasileira\\\/#breadcrumb\"},\"inLanguage\":\"pt-BR\",\"potentialAction\":[{\"@type\":\"ReadAction\",\"target\":[\"https:\\\/\\\/gioppoeconti.com.br\\\/blog\\\/centro-cultural-portugues-santos-identidade-luso-brasileira\\\/\"]}]},{\"@type\":\"ImageObject\",\"inLanguage\":\"pt-BR\",\"@id\":\"https:\\\/\\\/gioppoeconti.com.br\\\/blog\\\/centro-cultural-portugues-santos-identidade-luso-brasileira\\\/#primaryimage\",\"url\":\"https:\\\/\\\/gioppoeconti.com.br\\\/blog\\\/wp-content\\\/uploads\\\/2025\\\/12\\\/portugal-1561936_1280.jpg\",\"contentUrl\":\"https:\\\/\\\/gioppoeconti.com.br\\\/blog\\\/wp-content\\\/uploads\\\/2025\\\/12\\\/portugal-1561936_1280.jpg\",\"width\":1280,\"height\":898},{\"@type\":\"BreadcrumbList\",\"@id\":\"https:\\\/\\\/gioppoeconti.com.br\\\/blog\\\/centro-cultural-portugues-santos-identidade-luso-brasileira\\\/#breadcrumb\",\"itemListElement\":[{\"@type\":\"ListItem\",\"position\":1,\"name\":\"In\u00edcio\",\"item\":\"https:\\\/\\\/gioppoeconti.com.br\\\/blog\\\/\"},{\"@type\":\"ListItem\",\"position\":2,\"name\":\"Centro Cultural Portugu\u00eas de Santos celebra 130 anos\"}]},{\"@type\":\"WebSite\",\"@id\":\"https:\\\/\\\/gioppoeconti.com.br\\\/blog\\\/#website\",\"url\":\"https:\\\/\\\/gioppoeconti.com.br\\\/blog\\\/\",\"name\":\"Blog\",\"description\":\"\",\"potentialAction\":[{\"@type\":\"SearchAction\",\"target\":{\"@type\":\"EntryPoint\",\"urlTemplate\":\"https:\\\/\\\/gioppoeconti.com.br\\\/blog\\\/?s={search_term_string}\"},\"query-input\":{\"@type\":\"PropertyValueSpecification\",\"valueRequired\":true,\"valueName\":\"search_term_string\"}}],\"inLanguage\":\"pt-BR\"},{\"@type\":\"Person\",\"@id\":\"https:\\\/\\\/gioppoeconti.com.br\\\/blog\\\/#\\\/schema\\\/person\\\/55f24671052a48aa461627c2a1de9efa\",\"name\":\"Gioppo&amp;Conti\",\"image\":{\"@type\":\"ImageObject\",\"inLanguage\":\"pt-BR\",\"@id\":\"https:\\\/\\\/secure.gravatar.com\\\/avatar\\\/d62a93f131d21a85c7120e092fd5f94529d341aaad01f916df6bbb87b7f3bfeb?s=96&d=mm&r=g\",\"url\":\"https:\\\/\\\/secure.gravatar.com\\\/avatar\\\/d62a93f131d21a85c7120e092fd5f94529d341aaad01f916df6bbb87b7f3bfeb?s=96&d=mm&r=g\",\"contentUrl\":\"https:\\\/\\\/secure.gravatar.com\\\/avatar\\\/d62a93f131d21a85c7120e092fd5f94529d341aaad01f916df6bbb87b7f3bfeb?s=96&d=mm&r=g\",\"caption\":\"Gioppo&amp;Conti\"},\"url\":\"https:\\\/\\\/gioppoeconti.com.br\\\/blog\\\/author\\\/blog\\\/\"}]}<\/script>\n<!-- \/ Yoast SEO plugin. -->","yoast_head_json":{"title":"Centro Cultural Portugu\u00eas de Santos celebra 130 anos - Blog","description":"O Centro Cultural Portugu\u00eas de Santos comemora 130 anos reafirmando sua import\u00e2ncia na preserva\u00e7\u00e3o da cultura luso-brasileira com cerim\u00f4nia marcada por homenagens e hist\u00f3ria.","robots":{"index":"index","follow":"follow","max-snippet":"max-snippet:-1","max-image-preview":"max-image-preview:large","max-video-preview":"max-video-preview:-1"},"canonical":"https:\/\/gioppoeconti.com.br\/blog\/centro-cultural-portugues-santos-identidade-luso-brasileira\/","og_locale":"pt_BR","og_type":"article","og_title":"Centro Cultural Portugu\u00eas de Santos celebra 130 anos - Blog","og_description":"O Centro Cultural Portugu\u00eas de Santos comemora 130 anos reafirmando sua import\u00e2ncia na preserva\u00e7\u00e3o da cultura luso-brasileira com cerim\u00f4nia marcada por homenagens e hist\u00f3ria.","og_url":"https:\/\/gioppoeconti.com.br\/blog\/centro-cultural-portugues-santos-identidade-luso-brasileira\/","og_site_name":"Blog","article_published_time":"2025-12-11T20:31:51+00:00","article_modified_time":"2025-12-15T13:25:57+00:00","og_image":[{"width":1280,"height":898,"url":"https:\/\/gioppoeconti.com.br\/blog\/wp-content\/uploads\/2025\/12\/portugal-1561936_1280.jpg","type":"image\/jpeg"}],"author":"Gioppo&amp;Conti","twitter_card":"summary_large_image","twitter_misc":{"Escrito por":"Gioppo&amp;Conti","Est. tempo de leitura":"2 minutos"},"schema":{"@context":"https:\/\/schema.org","@graph":[{"@type":"Article","@id":"https:\/\/gioppoeconti.com.br\/blog\/centro-cultural-portugues-santos-identidade-luso-brasileira\/#article","isPartOf":{"@id":"https:\/\/gioppoeconti.com.br\/blog\/centro-cultural-portugues-santos-identidade-luso-brasileira\/"},"author":{"name":"Gioppo&amp;Conti","@id":"https:\/\/gioppoeconti.com.br\/blog\/#\/schema\/person\/55f24671052a48aa461627c2a1de9efa"},"headline":"Centro Cultural Portugu\u00eas de Santos celebra 130 anos","datePublished":"2025-12-11T20:31:51+00:00","dateModified":"2025-12-15T13:25:57+00:00","mainEntityOfPage":{"@id":"https:\/\/gioppoeconti.com.br\/blog\/centro-cultural-portugues-santos-identidade-luso-brasileira\/"},"wordCount":262,"commentCount":0,"image":{"@id":"https:\/\/gioppoeconti.com.br\/blog\/centro-cultural-portugues-santos-identidade-luso-brasileira\/#primaryimage"},"thumbnailUrl":"https:\/\/gioppoeconti.com.br\/blog\/wp-content\/uploads\/2025\/12\/portugal-1561936_1280.jpg","keywords":["centro cultural","cidadania europeia","cidadania portuguesa","luso-brasileiro","santos"],"articleSection":["Cidadania Portuguesa"],"inLanguage":"pt-BR","potentialAction":[{"@type":"CommentAction","name":"Comment","target":["https:\/\/gioppoeconti.com.br\/blog\/centro-cultural-portugues-santos-identidade-luso-brasileira\/#respond"]}]},{"@type":"WebPage","@id":"https:\/\/gioppoeconti.com.br\/blog\/centro-cultural-portugues-santos-identidade-luso-brasileira\/","url":"https:\/\/gioppoeconti.com.br\/blog\/centro-cultural-portugues-santos-identidade-luso-brasileira\/","name":"Centro Cultural Portugu\u00eas de Santos celebra 130 anos - Blog","isPartOf":{"@id":"https:\/\/gioppoeconti.com.br\/blog\/#website"},"primaryImageOfPage":{"@id":"https:\/\/gioppoeconti.com.br\/blog\/centro-cultural-portugues-santos-identidade-luso-brasileira\/#primaryimage"},"image":{"@id":"https:\/\/gioppoeconti.com.br\/blog\/centro-cultural-portugues-santos-identidade-luso-brasileira\/#primaryimage"},"thumbnailUrl":"https:\/\/gioppoeconti.com.br\/blog\/wp-content\/uploads\/2025\/12\/portugal-1561936_1280.jpg","datePublished":"2025-12-11T20:31:51+00:00","dateModified":"2025-12-15T13:25:57+00:00","author":{"@id":"https:\/\/gioppoeconti.com.br\/blog\/#\/schema\/person\/55f24671052a48aa461627c2a1de9efa"},"description":"O Centro Cultural Portugu\u00eas de Santos comemora 130 anos reafirmando sua import\u00e2ncia na preserva\u00e7\u00e3o da cultura luso-brasileira com cerim\u00f4nia marcada por homenagens e hist\u00f3ria.","breadcrumb":{"@id":"https:\/\/gioppoeconti.com.br\/blog\/centro-cultural-portugues-santos-identidade-luso-brasileira\/#breadcrumb"},"inLanguage":"pt-BR","potentialAction":[{"@type":"ReadAction","target":["https:\/\/gioppoeconti.com.br\/blog\/centro-cultural-portugues-santos-identidade-luso-brasileira\/"]}]},{"@type":"ImageObject","inLanguage":"pt-BR","@id":"https:\/\/gioppoeconti.com.br\/blog\/centro-cultural-portugues-santos-identidade-luso-brasileira\/#primaryimage","url":"https:\/\/gioppoeconti.com.br\/blog\/wp-content\/uploads\/2025\/12\/portugal-1561936_1280.jpg","contentUrl":"https:\/\/gioppoeconti.com.br\/blog\/wp-content\/uploads\/2025\/12\/portugal-1561936_1280.jpg","width":1280,"height":898},{"@type":"BreadcrumbList","@id":"https:\/\/gioppoeconti.com.br\/blog\/centro-cultural-portugues-santos-identidade-luso-brasileira\/#breadcrumb","itemListElement":[{"@type":"ListItem","position":1,"name":"In\u00edcio","item":"https:\/\/gioppoeconti.com.br\/blog\/"},{"@type":"ListItem","position":2,"name":"Centro Cultural Portugu\u00eas de Santos celebra 130 anos"}]},{"@type":"WebSite","@id":"https:\/\/gioppoeconti.com.br\/blog\/#website","url":"https:\/\/gioppoeconti.com.br\/blog\/","name":"Blog","description":"","potentialAction":[{"@type":"SearchAction","target":{"@type":"EntryPoint","urlTemplate":"https:\/\/gioppoeconti.com.br\/blog\/?s={search_term_string}"},"query-input":{"@type":"PropertyValueSpecification","valueRequired":true,"valueName":"search_term_string"}}],"inLanguage":"pt-BR"},{"@type":"Person","@id":"https:\/\/gioppoeconti.com.br\/blog\/#\/schema\/person\/55f24671052a48aa461627c2a1de9efa","name":"Gioppo&amp;Conti","image":{"@type":"ImageObject","inLanguage":"pt-BR","@id":"https:\/\/secure.gravatar.com\/avatar\/d62a93f131d21a85c7120e092fd5f94529d341aaad01f916df6bbb87b7f3bfeb?s=96&d=mm&r=g","url":"https:\/\/secure.gravatar.com\/avatar\/d62a93f131d21a85c7120e092fd5f94529d341aaad01f916df6bbb87b7f3bfeb?s=96&d=mm&r=g","contentUrl":"https:\/\/secure.gravatar.com\/avatar\/d62a93f131d21a85c7120e092fd5f94529d341aaad01f916df6bbb87b7f3bfeb?s=96&d=mm&r=g","caption":"Gioppo&amp;Conti"},"url":"https:\/\/gioppoeconti.com.br\/blog\/author\/blog\/"}]}},"_links":{"self":[{"href":"https:\/\/gioppoeconti.com.br\/blog\/wp-json\/wp\/v2\/posts\/6748","targetHints":{"allow":["GET"]}}],"collection":[{"href":"https:\/\/gioppoeconti.com.br\/blog\/wp-json\/wp\/v2\/posts"}],"about":[{"href":"https:\/\/gioppoeconti.com.br\/blog\/wp-json\/wp\/v2\/types\/post"}],"author":[{"embeddable":true,"href":"https:\/\/gioppoeconti.com.br\/blog\/wp-json\/wp\/v2\/users\/3"}],"replies":[{"embeddable":true,"href":"https:\/\/gioppoeconti.com.br\/blog\/wp-json\/wp\/v2\/comments?post=6748"}],"version-history":[{"count":2,"href":"https:\/\/gioppoeconti.com.br\/blog\/wp-json\/wp\/v2\/posts\/6748\/revisions"}],"predecessor-version":[{"id":6752,"href":"https:\/\/gioppoeconti.com.br\/blog\/wp-json\/wp\/v2\/posts\/6748\/revisions\/6752"}],"wp:featuredmedia":[{"embeddable":true,"href":"https:\/\/gioppoeconti.com.br\/blog\/wp-json\/wp\/v2\/media\/6749"}],"wp:attachment":[{"href":"https:\/\/gioppoeconti.com.br\/blog\/wp-json\/wp\/v2\/media?parent=6748"}],"wp:term":[{"taxonomy":"category","embeddable":true,"href":"https:\/\/gioppoeconti.com.br\/blog\/wp-json\/wp\/v2\/categories?post=6748"},{"taxonomy":"post_tag","embeddable":true,"href":"https:\/\/gioppoeconti.com.br\/blog\/wp-json\/wp\/v2\/tags?post=6748"}],"curies":[{"name":"wp","href":"https:\/\/api.w.org\/{rel}","templated":true}]}}