{"id":6585,"date":"2025-12-03T16:07:50","date_gmt":"2025-12-03T19:07:50","guid":{"rendered":"https:\/\/gioppoeconti.com.br\/?p=6585"},"modified":"2025-12-15T13:44:07","modified_gmt":"2025-12-15T13:44:07","slug":"julgamento-marco-decreto-da-vergonha","status":"publish","type":"post","link":"https:\/\/gioppoeconti.com.br\/blog\/julgamento-marco-decreto-da-vergonha\/","title":{"rendered":"Corte Constitucional surpreende e marca para 11 de mar\u00e7o o julgamento do \u201cDecreto da Vergonha\u201d"},"content":{"rendered":"\n<p>A <strong>Corte Constitucional da It\u00e1lia marcou para o dia 11 de mar\u00e7o de 2026<\/strong>, \u00e0s 9h30, a audi\u00eancia p\u00fablica que analisar\u00e1 a <strong>constitucionalidade do artigo 3-bis da Lei 91\/1992<\/strong> \u2014 norma introduzida pelo <strong>Decreto-Lei n\u00ba 36\/2025<\/strong>, convertido na <strong>Lei n\u00ba 74\/2025<\/strong>, conhecida entre \u00edtalo-descendentes como <em>Decreto da Vergonha<\/em>.<\/p>\n\n\n\n<h3 class=\"wp-block-heading\"><strong>O que est\u00e1 em jogo<\/strong><\/h3>\n\n\n\n<p>Nesse julgamento, o tribunal ir\u00e1 examinar a <strong>ordinanza (decis\u00e3o interlocut\u00f3ria)<\/strong> originada pelo <strong>Tribunal de Turim<\/strong>, que questiona se a nova regra fere princ\u00edpios constitucionais italianos.<br>O foco principal est\u00e1 em tr\u00eas pontos:<\/p>\n\n\n\n<ul class=\"wp-block-list\">\n<li>igualdade perante a lei;<\/li>\n\n\n\n<li>prote\u00e7\u00e3o de direitos j\u00e1 adquiridos;<\/li>\n\n\n\n<li>razoabilidade da norma.<\/li>\n<\/ul>\n\n\n\n<p>Al\u00e9m disso, o julgamento pode afetar milhares de processos de reconhecimento de <strong>cidadania italiana por descend\u00eancia (iure sanguinis)<\/strong> que est\u00e3o em andamento em pa\u00edses como Brasil, Argentina e Uruguai.<\/p>\n\n\n\n<h3 class=\"wp-block-heading\"><strong>Quem est\u00e1 envolvido no processo<\/strong><\/h3>\n\n\n\n<p>A Corte Constitucional incluiu diversos advogados e associa\u00e7\u00f5es no procedimento.<br>Entre os profissionais que atuar\u00e3o pelos requerentes est\u00e3o os advogados <strong>Benedetta Ballatore, Giovanni Bonato, Giovanni Caridi, Alfonso Celotto, Diego Corapi, Riccardo De Simone e Monica Lis Restanio<\/strong>.<br>Do lado do Governo italiano, os <strong>advogados do Estado Lorenzo D\u2019Ascia e Ilia Massarelli<\/strong> representar\u00e3o o Minist\u00e9rio do Interior.<br>O processo tamb\u00e9m ter\u00e1 participa\u00e7\u00e3o de associa\u00e7\u00f5es como a <em>Associazione Giuristi Iure Sanguinis<\/em> e a <em>Confederazione degli Italiani nel Mondo<\/em>.<\/p>\n\n\n\n<h3 class=\"wp-block-heading\"><strong>Outras a\u00e7\u00f5es e tramita\u00e7\u00f5es correlatas<\/strong><\/h3>\n\n\n\n<p>Al\u00e9m da ordinanza de Turim, outra a\u00e7\u00e3o similar foi proposta pelo Tribunal de <strong>M\u00e2ntova<\/strong>, tamb\u00e9m contestando o artigo 3-bis da Lei 91\/1992.<br>No entanto, at\u00e9 o momento, <strong>a Corte Constitucional n\u00e3o confirmou oficialmente a inclus\u00e3o dessa segunda medida no julgamento de 11 de mar\u00e7o<\/strong>.<\/p>\n\n\n\n<h3 class=\"wp-block-heading\"><strong>Por que essa audi\u00eancia importa<\/strong><\/h3>\n\n\n\n<p>Essa sess\u00e3o representa a <strong>primeira vez<\/strong> que o <em>Decreto da Vergonha<\/em> ser\u00e1 analisado pelo \u00f3rg\u00e3o de mais alto n\u00edvel respons\u00e1vel pelo controle de constitucionalidade na It\u00e1lia.<br>Portanto, o resultado pode:<\/p>\n\n\n\n<ul class=\"wp-block-list\">\n<li>estabelecer um <strong>precedente jur\u00eddico nacional<\/strong>;<\/li>\n\n\n\n<li>influenciar diretamente milhares de pedidos de cidadania suspensos;<\/li>\n\n\n\n<li>orientar tribunais de inst\u00e2ncias inferiores.<\/li>\n<\/ul>\n\n\n\n<h3 class=\"wp-block-heading\"><strong>O que esperar daqui para frente<\/strong><\/h3>\n\n\n\n<p>Agora que a data est\u00e1 definida, a Corte pode determinar:<\/p>\n\n\n\n<ul class=\"wp-block-list\">\n<li>a <strong>proced\u00eancia total ou parcial<\/strong> dos argumentos apresentados pela ordinanza;<\/li>\n\n\n\n<li>a <strong>invalida\u00e7\u00e3o de parte ou da totalidade<\/strong> do artigo 3-bis;<\/li>\n\n\n\n<li>ou mesmo uma an\u00e1lise mais ampla das normas que alteraram o processo de reconhecimento da cidadania italiana.<\/li>\n<\/ul>\n\n\n\n<p>Enquanto isso, pessoas com pedidos em andamento e interessados em iniciar processos de <strong>cidadania italiana por descend\u00eancia<\/strong> devem acompanhar de perto as movimenta\u00e7\u00f5es oficiais da Corte e buscar assessoria jur\u00eddica especializada.<\/p>\n\n\n\n<p><a href=\"https:\/\/www.insieme.com.br\/pb\/corte-constitucional-surpreende-e-marca-para-11-de-marco-o-julgamento-da-ordinanza-que-contesta-o-decreto-da-vergonha\/\">Leia a mat\u00e9ria completa aqui<\/a><\/p>\n\n\n\n<p><\/p>\n","protected":false},"excerpt":{"rendered":"<p>A Corte Constitucional da It\u00e1lia marcou para o dia 11 de mar\u00e7o de 2026, \u00e0s 9h30, a audi\u00eancia p\u00fablica que analisar\u00e1 a constitucionalidade do artigo 3-bis da Lei 91\/1992 \u2014 norma introduzida pelo Decreto-Lei n\u00ba 36\/2025, convertido na Lei n\u00ba 74\/2025, conhecida entre \u00edtalo-descendentes como Decreto da Vergonha. O que est\u00e1 em jogo Nesse julgamento,&hellip;&nbsp;<a href=\"https:\/\/gioppoeconti.com.br\/blog\/julgamento-marco-decreto-da-vergonha\/\" rel=\"bookmark\"><span class=\"screen-reader-text\">Corte Constitucional surpreende e marca para 11 de mar\u00e7o o julgamento do \u201cDecreto da Vergonha\u201d<\/span><\/a><\/p>\n","protected":false},"author":3,"featured_media":6586,"comment_status":"open","ping_status":"open","sticky":false,"template":"","format":"standard","meta":{"neve_meta_sidebar":"","neve_meta_container":"","neve_meta_enable_content_width":"","neve_meta_content_width":0,"neve_meta_title_alignment":"","neve_meta_author_avatar":"","neve_post_elements_order":"","neve_meta_disable_header":"","neve_meta_disable_footer":"","neve_meta_disable_title":"","footnotes":""},"categories":[4],"tags":[14,17,24,59],"class_list":["post-6585","post","type-post","status-publish","format-standard","has-post-thumbnail","hentry","category-cidadania-italiana","tag-cidadania","tag-cidadania-italiana","tag-decreto","tag-novas-regras"],"yoast_head":"<!-- This site is optimized with the Yoast SEO plugin v27.4 - https:\/\/yoast.com\/product\/yoast-seo-wordpress\/ -->\n<title>Corte Constitucional surpreende e marca para 11 de mar\u00e7o o julgamento do \u201cDecreto da Vergonha\u201d - Blog<\/title>\n<meta name=\"description\" content=\"A Corte Constitucional italiana surpreendeu o cen\u00e1rio jur\u00eddico ao marcar para 11 de mar\u00e7o de 2026 o julgamento que pode redefinir o futuro do chamado \u201cDecreto da Vergonha\u201d a norma mais pol\u00eamica dos \u00faltimos anos sobre cidadania italiana por descend\u00eancia.\" \/>\n<meta name=\"robots\" content=\"index, follow, max-snippet:-1, max-image-preview:large, max-video-preview:-1\" \/>\n<link rel=\"canonical\" href=\"https:\/\/gioppoeconti.com.br\/blog\/julgamento-marco-decreto-da-vergonha\/\" \/>\n<meta property=\"og:locale\" content=\"pt_BR\" \/>\n<meta property=\"og:type\" content=\"article\" \/>\n<meta property=\"og:title\" content=\"Corte Constitucional surpreende e marca para 11 de mar\u00e7o o julgamento do \u201cDecreto da Vergonha\u201d - Blog\" \/>\n<meta property=\"og:description\" content=\"A Corte Constitucional italiana surpreendeu o cen\u00e1rio jur\u00eddico ao marcar para 11 de mar\u00e7o de 2026 o julgamento que pode redefinir o futuro do chamado \u201cDecreto da Vergonha\u201d a norma mais pol\u00eamica dos \u00faltimos anos sobre cidadania italiana por descend\u00eancia.\" \/>\n<meta property=\"og:url\" content=\"https:\/\/gioppoeconti.com.br\/blog\/julgamento-marco-decreto-da-vergonha\/\" \/>\n<meta property=\"og:site_name\" content=\"Blog\" \/>\n<meta property=\"article:published_time\" content=\"2025-12-03T19:07:50+00:00\" \/>\n<meta property=\"article:modified_time\" content=\"2025-12-15T13:44:07+00:00\" \/>\n<meta property=\"og:image\" content=\"https:\/\/gioppoeconti.com.br\/blog\/wp-content\/uploads\/2025\/12\/signature-8803705_1280.png\" \/>\n\t<meta property=\"og:image:width\" content=\"1280\" \/>\n\t<meta property=\"og:image:height\" content=\"1280\" \/>\n\t<meta property=\"og:image:type\" content=\"image\/png\" \/>\n<meta name=\"author\" content=\"Gioppo&amp;Conti\" \/>\n<meta name=\"twitter:card\" content=\"summary_large_image\" \/>\n<meta name=\"twitter:label1\" content=\"Escrito por\" \/>\n\t<meta name=\"twitter:data1\" content=\"Gioppo&amp;Conti\" \/>\n\t<meta name=\"twitter:label2\" content=\"Est. tempo de leitura\" \/>\n\t<meta name=\"twitter:data2\" content=\"3 minutos\" \/>\n<script type=\"application\/ld+json\" class=\"yoast-schema-graph\">{\"@context\":\"https:\\\/\\\/schema.org\",\"@graph\":[{\"@type\":\"Article\",\"@id\":\"https:\\\/\\\/gioppoeconti.com.br\\\/blog\\\/julgamento-marco-decreto-da-vergonha\\\/#article\",\"isPartOf\":{\"@id\":\"https:\\\/\\\/gioppoeconti.com.br\\\/blog\\\/julgamento-marco-decreto-da-vergonha\\\/\"},\"author\":{\"name\":\"Gioppo&amp;Conti\",\"@id\":\"https:\\\/\\\/gioppoeconti.com.br\\\/blog\\\/#\\\/schema\\\/person\\\/55f24671052a48aa461627c2a1de9efa\"},\"headline\":\"Corte Constitucional surpreende e marca para 11 de mar\u00e7o o julgamento do \u201cDecreto da Vergonha\u201d\",\"datePublished\":\"2025-12-03T19:07:50+00:00\",\"dateModified\":\"2025-12-15T13:44:07+00:00\",\"mainEntityOfPage\":{\"@id\":\"https:\\\/\\\/gioppoeconti.com.br\\\/blog\\\/julgamento-marco-decreto-da-vergonha\\\/\"},\"wordCount\":451,\"commentCount\":0,\"image\":{\"@id\":\"https:\\\/\\\/gioppoeconti.com.br\\\/blog\\\/julgamento-marco-decreto-da-vergonha\\\/#primaryimage\"},\"thumbnailUrl\":\"https:\\\/\\\/gioppoeconti.com.br\\\/blog\\\/wp-content\\\/uploads\\\/2025\\\/12\\\/signature-8803705_1280.png\",\"keywords\":[\"cidadania\",\"cidadania italiana\",\"decreto\",\"Novas Regras\"],\"articleSection\":[\"Cidadania Italiana\"],\"inLanguage\":\"pt-BR\",\"potentialAction\":[{\"@type\":\"CommentAction\",\"name\":\"Comment\",\"target\":[\"https:\\\/\\\/gioppoeconti.com.br\\\/blog\\\/julgamento-marco-decreto-da-vergonha\\\/#respond\"]}]},{\"@type\":\"WebPage\",\"@id\":\"https:\\\/\\\/gioppoeconti.com.br\\\/blog\\\/julgamento-marco-decreto-da-vergonha\\\/\",\"url\":\"https:\\\/\\\/gioppoeconti.com.br\\\/blog\\\/julgamento-marco-decreto-da-vergonha\\\/\",\"name\":\"Corte Constitucional surpreende e marca para 11 de mar\u00e7o o julgamento do \u201cDecreto da Vergonha\u201d - Blog\",\"isPartOf\":{\"@id\":\"https:\\\/\\\/gioppoeconti.com.br\\\/blog\\\/#website\"},\"primaryImageOfPage\":{\"@id\":\"https:\\\/\\\/gioppoeconti.com.br\\\/blog\\\/julgamento-marco-decreto-da-vergonha\\\/#primaryimage\"},\"image\":{\"@id\":\"https:\\\/\\\/gioppoeconti.com.br\\\/blog\\\/julgamento-marco-decreto-da-vergonha\\\/#primaryimage\"},\"thumbnailUrl\":\"https:\\\/\\\/gioppoeconti.com.br\\\/blog\\\/wp-content\\\/uploads\\\/2025\\\/12\\\/signature-8803705_1280.png\",\"datePublished\":\"2025-12-03T19:07:50+00:00\",\"dateModified\":\"2025-12-15T13:44:07+00:00\",\"author\":{\"@id\":\"https:\\\/\\\/gioppoeconti.com.br\\\/blog\\\/#\\\/schema\\\/person\\\/55f24671052a48aa461627c2a1de9efa\"},\"description\":\"A Corte Constitucional italiana surpreendeu o cen\u00e1rio jur\u00eddico ao marcar para 11 de mar\u00e7o de 2026 o julgamento que pode redefinir o futuro do chamado \u201cDecreto da Vergonha\u201d a norma mais pol\u00eamica dos \u00faltimos anos sobre cidadania italiana por descend\u00eancia.\",\"breadcrumb\":{\"@id\":\"https:\\\/\\\/gioppoeconti.com.br\\\/blog\\\/julgamento-marco-decreto-da-vergonha\\\/#breadcrumb\"},\"inLanguage\":\"pt-BR\",\"potentialAction\":[{\"@type\":\"ReadAction\",\"target\":[\"https:\\\/\\\/gioppoeconti.com.br\\\/blog\\\/julgamento-marco-decreto-da-vergonha\\\/\"]}]},{\"@type\":\"ImageObject\",\"inLanguage\":\"pt-BR\",\"@id\":\"https:\\\/\\\/gioppoeconti.com.br\\\/blog\\\/julgamento-marco-decreto-da-vergonha\\\/#primaryimage\",\"url\":\"https:\\\/\\\/gioppoeconti.com.br\\\/blog\\\/wp-content\\\/uploads\\\/2025\\\/12\\\/signature-8803705_1280.png\",\"contentUrl\":\"https:\\\/\\\/gioppoeconti.com.br\\\/blog\\\/wp-content\\\/uploads\\\/2025\\\/12\\\/signature-8803705_1280.png\",\"width\":1280,\"height\":1280},{\"@type\":\"BreadcrumbList\",\"@id\":\"https:\\\/\\\/gioppoeconti.com.br\\\/blog\\\/julgamento-marco-decreto-da-vergonha\\\/#breadcrumb\",\"itemListElement\":[{\"@type\":\"ListItem\",\"position\":1,\"name\":\"In\u00edcio\",\"item\":\"https:\\\/\\\/gioppoeconti.com.br\\\/blog\\\/\"},{\"@type\":\"ListItem\",\"position\":2,\"name\":\"Corte Constitucional surpreende e marca para 11 de mar\u00e7o o julgamento do \u201cDecreto da Vergonha\u201d\"}]},{\"@type\":\"WebSite\",\"@id\":\"https:\\\/\\\/gioppoeconti.com.br\\\/blog\\\/#website\",\"url\":\"https:\\\/\\\/gioppoeconti.com.br\\\/blog\\\/\",\"name\":\"Blog\",\"description\":\"\",\"potentialAction\":[{\"@type\":\"SearchAction\",\"target\":{\"@type\":\"EntryPoint\",\"urlTemplate\":\"https:\\\/\\\/gioppoeconti.com.br\\\/blog\\\/?s={search_term_string}\"},\"query-input\":{\"@type\":\"PropertyValueSpecification\",\"valueRequired\":true,\"valueName\":\"search_term_string\"}}],\"inLanguage\":\"pt-BR\"},{\"@type\":\"Person\",\"@id\":\"https:\\\/\\\/gioppoeconti.com.br\\\/blog\\\/#\\\/schema\\\/person\\\/55f24671052a48aa461627c2a1de9efa\",\"name\":\"Gioppo&amp;Conti\",\"image\":{\"@type\":\"ImageObject\",\"inLanguage\":\"pt-BR\",\"@id\":\"https:\\\/\\\/secure.gravatar.com\\\/avatar\\\/d62a93f131d21a85c7120e092fd5f94529d341aaad01f916df6bbb87b7f3bfeb?s=96&d=mm&r=g\",\"url\":\"https:\\\/\\\/secure.gravatar.com\\\/avatar\\\/d62a93f131d21a85c7120e092fd5f94529d341aaad01f916df6bbb87b7f3bfeb?s=96&d=mm&r=g\",\"contentUrl\":\"https:\\\/\\\/secure.gravatar.com\\\/avatar\\\/d62a93f131d21a85c7120e092fd5f94529d341aaad01f916df6bbb87b7f3bfeb?s=96&d=mm&r=g\",\"caption\":\"Gioppo&amp;Conti\"},\"url\":\"https:\\\/\\\/gioppoeconti.com.br\\\/blog\\\/author\\\/blog\\\/\"}]}<\/script>\n<!-- \/ Yoast SEO plugin. -->","yoast_head_json":{"title":"Corte Constitucional surpreende e marca para 11 de mar\u00e7o o julgamento do \u201cDecreto da Vergonha\u201d - Blog","description":"A Corte Constitucional italiana surpreendeu o cen\u00e1rio jur\u00eddico ao marcar para 11 de mar\u00e7o de 2026 o julgamento que pode redefinir o futuro do chamado \u201cDecreto da Vergonha\u201d a norma mais pol\u00eamica dos \u00faltimos anos sobre cidadania italiana por descend\u00eancia.","robots":{"index":"index","follow":"follow","max-snippet":"max-snippet:-1","max-image-preview":"max-image-preview:large","max-video-preview":"max-video-preview:-1"},"canonical":"https:\/\/gioppoeconti.com.br\/blog\/julgamento-marco-decreto-da-vergonha\/","og_locale":"pt_BR","og_type":"article","og_title":"Corte Constitucional surpreende e marca para 11 de mar\u00e7o o julgamento do \u201cDecreto da Vergonha\u201d - Blog","og_description":"A Corte Constitucional italiana surpreendeu o cen\u00e1rio jur\u00eddico ao marcar para 11 de mar\u00e7o de 2026 o julgamento que pode redefinir o futuro do chamado \u201cDecreto da Vergonha\u201d a norma mais pol\u00eamica dos \u00faltimos anos sobre cidadania italiana por descend\u00eancia.","og_url":"https:\/\/gioppoeconti.com.br\/blog\/julgamento-marco-decreto-da-vergonha\/","og_site_name":"Blog","article_published_time":"2025-12-03T19:07:50+00:00","article_modified_time":"2025-12-15T13:44:07+00:00","og_image":[{"width":1280,"height":1280,"url":"https:\/\/gioppoeconti.com.br\/blog\/wp-content\/uploads\/2025\/12\/signature-8803705_1280.png","type":"image\/png"}],"author":"Gioppo&amp;Conti","twitter_card":"summary_large_image","twitter_misc":{"Escrito por":"Gioppo&amp;Conti","Est. tempo de leitura":"3 minutos"},"schema":{"@context":"https:\/\/schema.org","@graph":[{"@type":"Article","@id":"https:\/\/gioppoeconti.com.br\/blog\/julgamento-marco-decreto-da-vergonha\/#article","isPartOf":{"@id":"https:\/\/gioppoeconti.com.br\/blog\/julgamento-marco-decreto-da-vergonha\/"},"author":{"name":"Gioppo&amp;Conti","@id":"https:\/\/gioppoeconti.com.br\/blog\/#\/schema\/person\/55f24671052a48aa461627c2a1de9efa"},"headline":"Corte Constitucional surpreende e marca para 11 de mar\u00e7o o julgamento do \u201cDecreto da Vergonha\u201d","datePublished":"2025-12-03T19:07:50+00:00","dateModified":"2025-12-15T13:44:07+00:00","mainEntityOfPage":{"@id":"https:\/\/gioppoeconti.com.br\/blog\/julgamento-marco-decreto-da-vergonha\/"},"wordCount":451,"commentCount":0,"image":{"@id":"https:\/\/gioppoeconti.com.br\/blog\/julgamento-marco-decreto-da-vergonha\/#primaryimage"},"thumbnailUrl":"https:\/\/gioppoeconti.com.br\/blog\/wp-content\/uploads\/2025\/12\/signature-8803705_1280.png","keywords":["cidadania","cidadania italiana","decreto","Novas Regras"],"articleSection":["Cidadania Italiana"],"inLanguage":"pt-BR","potentialAction":[{"@type":"CommentAction","name":"Comment","target":["https:\/\/gioppoeconti.com.br\/blog\/julgamento-marco-decreto-da-vergonha\/#respond"]}]},{"@type":"WebPage","@id":"https:\/\/gioppoeconti.com.br\/blog\/julgamento-marco-decreto-da-vergonha\/","url":"https:\/\/gioppoeconti.com.br\/blog\/julgamento-marco-decreto-da-vergonha\/","name":"Corte Constitucional surpreende e marca para 11 de mar\u00e7o o julgamento do \u201cDecreto da Vergonha\u201d - Blog","isPartOf":{"@id":"https:\/\/gioppoeconti.com.br\/blog\/#website"},"primaryImageOfPage":{"@id":"https:\/\/gioppoeconti.com.br\/blog\/julgamento-marco-decreto-da-vergonha\/#primaryimage"},"image":{"@id":"https:\/\/gioppoeconti.com.br\/blog\/julgamento-marco-decreto-da-vergonha\/#primaryimage"},"thumbnailUrl":"https:\/\/gioppoeconti.com.br\/blog\/wp-content\/uploads\/2025\/12\/signature-8803705_1280.png","datePublished":"2025-12-03T19:07:50+00:00","dateModified":"2025-12-15T13:44:07+00:00","author":{"@id":"https:\/\/gioppoeconti.com.br\/blog\/#\/schema\/person\/55f24671052a48aa461627c2a1de9efa"},"description":"A Corte Constitucional italiana surpreendeu o cen\u00e1rio jur\u00eddico ao marcar para 11 de mar\u00e7o de 2026 o julgamento que pode redefinir o futuro do chamado \u201cDecreto da Vergonha\u201d a norma mais pol\u00eamica dos \u00faltimos anos sobre cidadania italiana por descend\u00eancia.","breadcrumb":{"@id":"https:\/\/gioppoeconti.com.br\/blog\/julgamento-marco-decreto-da-vergonha\/#breadcrumb"},"inLanguage":"pt-BR","potentialAction":[{"@type":"ReadAction","target":["https:\/\/gioppoeconti.com.br\/blog\/julgamento-marco-decreto-da-vergonha\/"]}]},{"@type":"ImageObject","inLanguage":"pt-BR","@id":"https:\/\/gioppoeconti.com.br\/blog\/julgamento-marco-decreto-da-vergonha\/#primaryimage","url":"https:\/\/gioppoeconti.com.br\/blog\/wp-content\/uploads\/2025\/12\/signature-8803705_1280.png","contentUrl":"https:\/\/gioppoeconti.com.br\/blog\/wp-content\/uploads\/2025\/12\/signature-8803705_1280.png","width":1280,"height":1280},{"@type":"BreadcrumbList","@id":"https:\/\/gioppoeconti.com.br\/blog\/julgamento-marco-decreto-da-vergonha\/#breadcrumb","itemListElement":[{"@type":"ListItem","position":1,"name":"In\u00edcio","item":"https:\/\/gioppoeconti.com.br\/blog\/"},{"@type":"ListItem","position":2,"name":"Corte Constitucional surpreende e marca para 11 de mar\u00e7o o julgamento do \u201cDecreto da Vergonha\u201d"}]},{"@type":"WebSite","@id":"https:\/\/gioppoeconti.com.br\/blog\/#website","url":"https:\/\/gioppoeconti.com.br\/blog\/","name":"Blog","description":"","potentialAction":[{"@type":"SearchAction","target":{"@type":"EntryPoint","urlTemplate":"https:\/\/gioppoeconti.com.br\/blog\/?s={search_term_string}"},"query-input":{"@type":"PropertyValueSpecification","valueRequired":true,"valueName":"search_term_string"}}],"inLanguage":"pt-BR"},{"@type":"Person","@id":"https:\/\/gioppoeconti.com.br\/blog\/#\/schema\/person\/55f24671052a48aa461627c2a1de9efa","name":"Gioppo&amp;Conti","image":{"@type":"ImageObject","inLanguage":"pt-BR","@id":"https:\/\/secure.gravatar.com\/avatar\/d62a93f131d21a85c7120e092fd5f94529d341aaad01f916df6bbb87b7f3bfeb?s=96&d=mm&r=g","url":"https:\/\/secure.gravatar.com\/avatar\/d62a93f131d21a85c7120e092fd5f94529d341aaad01f916df6bbb87b7f3bfeb?s=96&d=mm&r=g","contentUrl":"https:\/\/secure.gravatar.com\/avatar\/d62a93f131d21a85c7120e092fd5f94529d341aaad01f916df6bbb87b7f3bfeb?s=96&d=mm&r=g","caption":"Gioppo&amp;Conti"},"url":"https:\/\/gioppoeconti.com.br\/blog\/author\/blog\/"}]}},"_links":{"self":[{"href":"https:\/\/gioppoeconti.com.br\/blog\/wp-json\/wp\/v2\/posts\/6585","targetHints":{"allow":["GET"]}}],"collection":[{"href":"https:\/\/gioppoeconti.com.br\/blog\/wp-json\/wp\/v2\/posts"}],"about":[{"href":"https:\/\/gioppoeconti.com.br\/blog\/wp-json\/wp\/v2\/types\/post"}],"author":[{"embeddable":true,"href":"https:\/\/gioppoeconti.com.br\/blog\/wp-json\/wp\/v2\/users\/3"}],"replies":[{"embeddable":true,"href":"https:\/\/gioppoeconti.com.br\/blog\/wp-json\/wp\/v2\/comments?post=6585"}],"version-history":[{"count":2,"href":"https:\/\/gioppoeconti.com.br\/blog\/wp-json\/wp\/v2\/posts\/6585\/revisions"}],"predecessor-version":[{"id":6756,"href":"https:\/\/gioppoeconti.com.br\/blog\/wp-json\/wp\/v2\/posts\/6585\/revisions\/6756"}],"wp:featuredmedia":[{"embeddable":true,"href":"https:\/\/gioppoeconti.com.br\/blog\/wp-json\/wp\/v2\/media\/6586"}],"wp:attachment":[{"href":"https:\/\/gioppoeconti.com.br\/blog\/wp-json\/wp\/v2\/media?parent=6585"}],"wp:term":[{"taxonomy":"category","embeddable":true,"href":"https:\/\/gioppoeconti.com.br\/blog\/wp-json\/wp\/v2\/categories?post=6585"},{"taxonomy":"post_tag","embeddable":true,"href":"https:\/\/gioppoeconti.com.br\/blog\/wp-json\/wp\/v2\/tags?post=6585"}],"curies":[{"name":"wp","href":"https:\/\/api.w.org\/{rel}","templated":true}]}}