{"id":6347,"date":"2025-11-07T11:47:31","date_gmt":"2025-11-07T14:47:31","guid":{"rendered":"https:\/\/gioppoeconti.com.br\/?p=6347"},"modified":"2025-12-05T14:05:57","modified_gmt":"2025-12-05T14:05:57","slug":"nova-lei-portuguesa-gera-duvida","status":"publish","type":"post","link":"https:\/\/gioppoeconti.com.br\/blog\/nova-lei-portuguesa-gera-duvida\/","title":{"rendered":"Mudan\u00e7as na lei portuguesa geram d\u00favidas"},"content":{"rendered":"\n<p class=\"has-medium-font-size\"><em>Mas nada muda para quem tem cidadania por sangue<\/em><\/p>\n\n\n\n<p><\/p>\n\n\n\n<p>Nos \u00faltimos dias, o Parlamento de Portugal aprovou um conjunto de mudan\u00e7as que alteram as regras de imigra\u00e7\u00e3o e naturaliza\u00e7\u00e3o no pa\u00eds. As novas medidas ampliam prazos, criam restri\u00e7\u00f5es e refor\u00e7am crit\u00e9rios para quem busca viver legalmente em territ\u00f3rio portugu\u00eas. Apesar disso, para quem j\u00e1 possui cidadania portuguesa ou busca o reconhecimento por descend\u00eancia nada muda.<\/p>\n\n\n\n<p>As altera\u00e7\u00f5es fazem parte de um pacote de reformas que afetam principalmente vistos de trabalho qualificado, nacionalidade por tempo de resid\u00eancia e reagrupamento familiar, modalidades voltadas a estrangeiros que vivem ou pretendem viver em Portugal.<\/p>\n\n\n\n<p>O novo texto amplia o tempo m\u00ednimo de resid\u00eancia legal de cinco para dez anos (ou sete anos para cidad\u00e3os da CPLP, como os brasileiros), e passa a exigir comprova\u00e7\u00e3o de meios de subsist\u00eancia, conhecimento da l\u00edngua e cultura portuguesa e hist\u00f3rico criminal limpo.<\/p>\n\n\n\n<p class=\"has-medium-font-size\">A advogada especialista em cidadania europeia, Dra. Lu\u00edsa, explica que as mudan\u00e7as n\u00e3o t\u00eam rela\u00e7\u00e3o com o processo de reconhecimento de cidadania portuguesa por descend\u00eancia, um direito garantido pela lei e que segue inalterado, \u201cEssas mudan\u00e7as n\u00e3o t\u00eam a ver com cidadania. Elas se aplicam aos vistos de trabalho qualificado, \u00e0 nacionalidade obtida por tempo de resid\u00eancia e ao reagrupamento familiar, que \u00e9 um visto de resid\u00eancia\u201d, esclarece a Doutora.<br><br><strong>Direito de sangue continua<\/strong><\/p>\n\n\n\n<p>Para os brasileiros que vivem em Portugal e esperavam solicitar a nacionalidade ap\u00f3s alguns anos de resid\u00eancia, o processo ficar\u00e1 mais longo e burocr\u00e1tico. J\u00e1 para aqueles que t\u00eam ascend\u00eancia portuguesa e desejam conquistar o reconhecimento da cidadania, o cen\u00e1rio permanece est\u00e1vel e seguro.<\/p>\n\n\n\n<p>Essas medidas ainda aguardam a san\u00e7\u00e3o do presidente portugu\u00eas, mas j\u00e1 indicam uma tend\u00eancia de endurecimento nas pol\u00edticas migrat\u00f3rias em toda a Europa. Enquanto isso, quem busca a cidadania por direito de sangue continua com acesso pleno a um dos caminhos mais leg\u00edtimos e consolidados para viver, trabalhar e estudar no continente europeu.<\/p>\n\n\n\n<p><\/p>\n","protected":false},"excerpt":{"rendered":"<p>Mas nada muda para quem tem cidadania por sangue Nos \u00faltimos dias, o Parlamento de Portugal aprovou um conjunto de mudan\u00e7as que alteram as regras de imigra\u00e7\u00e3o e naturaliza\u00e7\u00e3o no pa\u00eds. As novas medidas ampliam prazos, criam restri\u00e7\u00f5es e refor\u00e7am crit\u00e9rios para quem busca viver legalmente em territ\u00f3rio portugu\u00eas. Apesar disso, para quem j\u00e1 possui&hellip;&nbsp;<a href=\"https:\/\/gioppoeconti.com.br\/blog\/nova-lei-portuguesa-gera-duvida\/\" rel=\"bookmark\"><span class=\"screen-reader-text\">Mudan\u00e7as na lei portuguesa geram d\u00favidas<\/span><\/a><\/p>\n","protected":false},"author":3,"featured_media":6348,"comment_status":"open","ping_status":"open","sticky":false,"template":"","format":"standard","meta":{"neve_meta_sidebar":"","neve_meta_container":"","neve_meta_enable_content_width":"","neve_meta_content_width":0,"neve_meta_title_alignment":"","neve_meta_author_avatar":"","neve_post_elements_order":"","neve_meta_disable_header":"","neve_meta_disable_footer":"","neve_meta_disable_title":"","footnotes":""},"categories":[5],"tags":[14,18,33,52,57],"class_list":["post-6347","post","type-post","status-publish","format-standard","has-post-thumbnail","hentry","category-cidadania-portuguesa","tag-cidadania","tag-cidadania-portuguesa","tag-duvida","tag-lei","tag-mudanca"],"yoast_head":"<!-- This site is optimized with the Yoast SEO plugin v27.4 - https:\/\/yoast.com\/product\/yoast-seo-wordpress\/ -->\n<title>Mudan\u00e7as na lei portuguesa geram d\u00favidas - Blog<\/title>\n<meta name=\"description\" content=\"Nos \u00faltimos dias, o Parlamento de Portugal aprovou um conjunto de mudan\u00e7as que alteram as regras de imigra\u00e7\u00e3o e naturaliza\u00e7\u00e3o no pa\u00eds. As novas medidas ampliam prazos, criam restri\u00e7\u00f5es e refor\u00e7am crit\u00e9rios para quem busca viver legalmente em territ\u00f3rio portugu\u00eas.\" \/>\n<meta name=\"robots\" content=\"index, follow, max-snippet:-1, max-image-preview:large, max-video-preview:-1\" \/>\n<link rel=\"canonical\" href=\"https:\/\/gioppoeconti.com.br\/blog\/nova-lei-portuguesa-gera-duvida\/\" \/>\n<meta property=\"og:locale\" content=\"pt_BR\" \/>\n<meta property=\"og:type\" content=\"article\" \/>\n<meta property=\"og:title\" content=\"Mudan\u00e7as na lei portuguesa geram d\u00favidas - Blog\" \/>\n<meta property=\"og:description\" content=\"Nos \u00faltimos dias, o Parlamento de Portugal aprovou um conjunto de mudan\u00e7as que alteram as regras de imigra\u00e7\u00e3o e naturaliza\u00e7\u00e3o no pa\u00eds. As novas medidas ampliam prazos, criam restri\u00e7\u00f5es e refor\u00e7am crit\u00e9rios para quem busca viver legalmente em territ\u00f3rio portugu\u00eas.\" \/>\n<meta property=\"og:url\" content=\"https:\/\/gioppoeconti.com.br\/blog\/nova-lei-portuguesa-gera-duvida\/\" \/>\n<meta property=\"og:site_name\" content=\"Blog\" \/>\n<meta property=\"article:published_time\" content=\"2025-11-07T14:47:31+00:00\" \/>\n<meta property=\"article:modified_time\" content=\"2025-12-05T14:05:57+00:00\" \/>\n<meta name=\"author\" content=\"Gioppo&amp;Conti\" \/>\n<meta name=\"twitter:card\" content=\"summary_large_image\" \/>\n<meta name=\"twitter:label1\" content=\"Escrito por\" \/>\n\t<meta name=\"twitter:data1\" content=\"Gioppo&amp;Conti\" \/>\n\t<meta name=\"twitter:label2\" content=\"Est. tempo de leitura\" \/>\n\t<meta name=\"twitter:data2\" content=\"2 minutos\" \/>\n<script type=\"application\/ld+json\" class=\"yoast-schema-graph\">{\"@context\":\"https:\\\/\\\/schema.org\",\"@graph\":[{\"@type\":\"Article\",\"@id\":\"https:\\\/\\\/gioppoeconti.com.br\\\/blog\\\/nova-lei-portuguesa-gera-duvida\\\/#article\",\"isPartOf\":{\"@id\":\"https:\\\/\\\/gioppoeconti.com.br\\\/blog\\\/nova-lei-portuguesa-gera-duvida\\\/\"},\"author\":{\"name\":\"Gioppo&amp;Conti\",\"@id\":\"https:\\\/\\\/gioppoeconti.com.br\\\/blog\\\/#\\\/schema\\\/person\\\/55f24671052a48aa461627c2a1de9efa\"},\"headline\":\"Mudan\u00e7as na lei portuguesa geram d\u00favidas\",\"datePublished\":\"2025-11-07T14:47:31+00:00\",\"dateModified\":\"2025-12-05T14:05:57+00:00\",\"mainEntityOfPage\":{\"@id\":\"https:\\\/\\\/gioppoeconti.com.br\\\/blog\\\/nova-lei-portuguesa-gera-duvida\\\/\"},\"wordCount\":364,\"commentCount\":0,\"image\":{\"@id\":\"https:\\\/\\\/gioppoeconti.com.br\\\/blog\\\/nova-lei-portuguesa-gera-duvida\\\/#primaryimage\"},\"thumbnailUrl\":\"https:\\\/\\\/gioppoeconti.com.br\\\/blog\\\/wp-content\\\/uploads\\\/2025\\\/11\\\/flag-974482_1280-1.avif\",\"keywords\":[\"cidadania\",\"cidadania portuguesa\",\"d\u00favida\",\"Lei\",\"mudan\u00e7a\"],\"articleSection\":[\"Cidadania Portuguesa\"],\"inLanguage\":\"pt-BR\",\"potentialAction\":[{\"@type\":\"CommentAction\",\"name\":\"Comment\",\"target\":[\"https:\\\/\\\/gioppoeconti.com.br\\\/blog\\\/nova-lei-portuguesa-gera-duvida\\\/#respond\"]}]},{\"@type\":\"WebPage\",\"@id\":\"https:\\\/\\\/gioppoeconti.com.br\\\/blog\\\/nova-lei-portuguesa-gera-duvida\\\/\",\"url\":\"https:\\\/\\\/gioppoeconti.com.br\\\/blog\\\/nova-lei-portuguesa-gera-duvida\\\/\",\"name\":\"Mudan\u00e7as na lei portuguesa geram d\u00favidas - Blog\",\"isPartOf\":{\"@id\":\"https:\\\/\\\/gioppoeconti.com.br\\\/blog\\\/#website\"},\"primaryImageOfPage\":{\"@id\":\"https:\\\/\\\/gioppoeconti.com.br\\\/blog\\\/nova-lei-portuguesa-gera-duvida\\\/#primaryimage\"},\"image\":{\"@id\":\"https:\\\/\\\/gioppoeconti.com.br\\\/blog\\\/nova-lei-portuguesa-gera-duvida\\\/#primaryimage\"},\"thumbnailUrl\":\"https:\\\/\\\/gioppoeconti.com.br\\\/blog\\\/wp-content\\\/uploads\\\/2025\\\/11\\\/flag-974482_1280-1.avif\",\"datePublished\":\"2025-11-07T14:47:31+00:00\",\"dateModified\":\"2025-12-05T14:05:57+00:00\",\"author\":{\"@id\":\"https:\\\/\\\/gioppoeconti.com.br\\\/blog\\\/#\\\/schema\\\/person\\\/55f24671052a48aa461627c2a1de9efa\"},\"description\":\"Nos \u00faltimos dias, o Parlamento de Portugal aprovou um conjunto de mudan\u00e7as que alteram as regras de imigra\u00e7\u00e3o e naturaliza\u00e7\u00e3o no pa\u00eds. As novas medidas ampliam prazos, criam restri\u00e7\u00f5es e refor\u00e7am crit\u00e9rios para quem busca viver legalmente em territ\u00f3rio portugu\u00eas.\",\"breadcrumb\":{\"@id\":\"https:\\\/\\\/gioppoeconti.com.br\\\/blog\\\/nova-lei-portuguesa-gera-duvida\\\/#breadcrumb\"},\"inLanguage\":\"pt-BR\",\"potentialAction\":[{\"@type\":\"ReadAction\",\"target\":[\"https:\\\/\\\/gioppoeconti.com.br\\\/blog\\\/nova-lei-portuguesa-gera-duvida\\\/\"]}]},{\"@type\":\"ImageObject\",\"inLanguage\":\"pt-BR\",\"@id\":\"https:\\\/\\\/gioppoeconti.com.br\\\/blog\\\/nova-lei-portuguesa-gera-duvida\\\/#primaryimage\",\"url\":\"https:\\\/\\\/gioppoeconti.com.br\\\/blog\\\/wp-content\\\/uploads\\\/2025\\\/11\\\/flag-974482_1280-1.avif\",\"contentUrl\":\"https:\\\/\\\/gioppoeconti.com.br\\\/blog\\\/wp-content\\\/uploads\\\/2025\\\/11\\\/flag-974482_1280-1.avif\",\"width\":1280,\"height\":851},{\"@type\":\"BreadcrumbList\",\"@id\":\"https:\\\/\\\/gioppoeconti.com.br\\\/blog\\\/nova-lei-portuguesa-gera-duvida\\\/#breadcrumb\",\"itemListElement\":[{\"@type\":\"ListItem\",\"position\":1,\"name\":\"In\u00edcio\",\"item\":\"https:\\\/\\\/gioppoeconti.com.br\\\/blog\\\/\"},{\"@type\":\"ListItem\",\"position\":2,\"name\":\"Mudan\u00e7as na lei portuguesa geram d\u00favidas\"}]},{\"@type\":\"WebSite\",\"@id\":\"https:\\\/\\\/gioppoeconti.com.br\\\/blog\\\/#website\",\"url\":\"https:\\\/\\\/gioppoeconti.com.br\\\/blog\\\/\",\"name\":\"Blog\",\"description\":\"\",\"potentialAction\":[{\"@type\":\"SearchAction\",\"target\":{\"@type\":\"EntryPoint\",\"urlTemplate\":\"https:\\\/\\\/gioppoeconti.com.br\\\/blog\\\/?s={search_term_string}\"},\"query-input\":{\"@type\":\"PropertyValueSpecification\",\"valueRequired\":true,\"valueName\":\"search_term_string\"}}],\"inLanguage\":\"pt-BR\"},{\"@type\":\"Person\",\"@id\":\"https:\\\/\\\/gioppoeconti.com.br\\\/blog\\\/#\\\/schema\\\/person\\\/55f24671052a48aa461627c2a1de9efa\",\"name\":\"Gioppo&amp;Conti\",\"image\":{\"@type\":\"ImageObject\",\"inLanguage\":\"pt-BR\",\"@id\":\"https:\\\/\\\/secure.gravatar.com\\\/avatar\\\/d62a93f131d21a85c7120e092fd5f94529d341aaad01f916df6bbb87b7f3bfeb?s=96&d=mm&r=g\",\"url\":\"https:\\\/\\\/secure.gravatar.com\\\/avatar\\\/d62a93f131d21a85c7120e092fd5f94529d341aaad01f916df6bbb87b7f3bfeb?s=96&d=mm&r=g\",\"contentUrl\":\"https:\\\/\\\/secure.gravatar.com\\\/avatar\\\/d62a93f131d21a85c7120e092fd5f94529d341aaad01f916df6bbb87b7f3bfeb?s=96&d=mm&r=g\",\"caption\":\"Gioppo&amp;Conti\"},\"url\":\"https:\\\/\\\/gioppoeconti.com.br\\\/blog\\\/author\\\/blog\\\/\"}]}<\/script>\n<!-- \/ Yoast SEO plugin. -->","yoast_head_json":{"title":"Mudan\u00e7as na lei portuguesa geram d\u00favidas - Blog","description":"Nos \u00faltimos dias, o Parlamento de Portugal aprovou um conjunto de mudan\u00e7as que alteram as regras de imigra\u00e7\u00e3o e naturaliza\u00e7\u00e3o no pa\u00eds. As novas medidas ampliam prazos, criam restri\u00e7\u00f5es e refor\u00e7am crit\u00e9rios para quem busca viver legalmente em territ\u00f3rio portugu\u00eas.","robots":{"index":"index","follow":"follow","max-snippet":"max-snippet:-1","max-image-preview":"max-image-preview:large","max-video-preview":"max-video-preview:-1"},"canonical":"https:\/\/gioppoeconti.com.br\/blog\/nova-lei-portuguesa-gera-duvida\/","og_locale":"pt_BR","og_type":"article","og_title":"Mudan\u00e7as na lei portuguesa geram d\u00favidas - Blog","og_description":"Nos \u00faltimos dias, o Parlamento de Portugal aprovou um conjunto de mudan\u00e7as que alteram as regras de imigra\u00e7\u00e3o e naturaliza\u00e7\u00e3o no pa\u00eds. As novas medidas ampliam prazos, criam restri\u00e7\u00f5es e refor\u00e7am crit\u00e9rios para quem busca viver legalmente em territ\u00f3rio portugu\u00eas.","og_url":"https:\/\/gioppoeconti.com.br\/blog\/nova-lei-portuguesa-gera-duvida\/","og_site_name":"Blog","article_published_time":"2025-11-07T14:47:31+00:00","article_modified_time":"2025-12-05T14:05:57+00:00","author":"Gioppo&amp;Conti","twitter_card":"summary_large_image","twitter_misc":{"Escrito por":"Gioppo&amp;Conti","Est. tempo de leitura":"2 minutos"},"schema":{"@context":"https:\/\/schema.org","@graph":[{"@type":"Article","@id":"https:\/\/gioppoeconti.com.br\/blog\/nova-lei-portuguesa-gera-duvida\/#article","isPartOf":{"@id":"https:\/\/gioppoeconti.com.br\/blog\/nova-lei-portuguesa-gera-duvida\/"},"author":{"name":"Gioppo&amp;Conti","@id":"https:\/\/gioppoeconti.com.br\/blog\/#\/schema\/person\/55f24671052a48aa461627c2a1de9efa"},"headline":"Mudan\u00e7as na lei portuguesa geram d\u00favidas","datePublished":"2025-11-07T14:47:31+00:00","dateModified":"2025-12-05T14:05:57+00:00","mainEntityOfPage":{"@id":"https:\/\/gioppoeconti.com.br\/blog\/nova-lei-portuguesa-gera-duvida\/"},"wordCount":364,"commentCount":0,"image":{"@id":"https:\/\/gioppoeconti.com.br\/blog\/nova-lei-portuguesa-gera-duvida\/#primaryimage"},"thumbnailUrl":"https:\/\/gioppoeconti.com.br\/blog\/wp-content\/uploads\/2025\/11\/flag-974482_1280-1.avif","keywords":["cidadania","cidadania portuguesa","d\u00favida","Lei","mudan\u00e7a"],"articleSection":["Cidadania Portuguesa"],"inLanguage":"pt-BR","potentialAction":[{"@type":"CommentAction","name":"Comment","target":["https:\/\/gioppoeconti.com.br\/blog\/nova-lei-portuguesa-gera-duvida\/#respond"]}]},{"@type":"WebPage","@id":"https:\/\/gioppoeconti.com.br\/blog\/nova-lei-portuguesa-gera-duvida\/","url":"https:\/\/gioppoeconti.com.br\/blog\/nova-lei-portuguesa-gera-duvida\/","name":"Mudan\u00e7as na lei portuguesa geram d\u00favidas - Blog","isPartOf":{"@id":"https:\/\/gioppoeconti.com.br\/blog\/#website"},"primaryImageOfPage":{"@id":"https:\/\/gioppoeconti.com.br\/blog\/nova-lei-portuguesa-gera-duvida\/#primaryimage"},"image":{"@id":"https:\/\/gioppoeconti.com.br\/blog\/nova-lei-portuguesa-gera-duvida\/#primaryimage"},"thumbnailUrl":"https:\/\/gioppoeconti.com.br\/blog\/wp-content\/uploads\/2025\/11\/flag-974482_1280-1.avif","datePublished":"2025-11-07T14:47:31+00:00","dateModified":"2025-12-05T14:05:57+00:00","author":{"@id":"https:\/\/gioppoeconti.com.br\/blog\/#\/schema\/person\/55f24671052a48aa461627c2a1de9efa"},"description":"Nos \u00faltimos dias, o Parlamento de Portugal aprovou um conjunto de mudan\u00e7as que alteram as regras de imigra\u00e7\u00e3o e naturaliza\u00e7\u00e3o no pa\u00eds. As novas medidas ampliam prazos, criam restri\u00e7\u00f5es e refor\u00e7am crit\u00e9rios para quem busca viver legalmente em territ\u00f3rio portugu\u00eas.","breadcrumb":{"@id":"https:\/\/gioppoeconti.com.br\/blog\/nova-lei-portuguesa-gera-duvida\/#breadcrumb"},"inLanguage":"pt-BR","potentialAction":[{"@type":"ReadAction","target":["https:\/\/gioppoeconti.com.br\/blog\/nova-lei-portuguesa-gera-duvida\/"]}]},{"@type":"ImageObject","inLanguage":"pt-BR","@id":"https:\/\/gioppoeconti.com.br\/blog\/nova-lei-portuguesa-gera-duvida\/#primaryimage","url":"https:\/\/gioppoeconti.com.br\/blog\/wp-content\/uploads\/2025\/11\/flag-974482_1280-1.avif","contentUrl":"https:\/\/gioppoeconti.com.br\/blog\/wp-content\/uploads\/2025\/11\/flag-974482_1280-1.avif","width":1280,"height":851},{"@type":"BreadcrumbList","@id":"https:\/\/gioppoeconti.com.br\/blog\/nova-lei-portuguesa-gera-duvida\/#breadcrumb","itemListElement":[{"@type":"ListItem","position":1,"name":"In\u00edcio","item":"https:\/\/gioppoeconti.com.br\/blog\/"},{"@type":"ListItem","position":2,"name":"Mudan\u00e7as na lei portuguesa geram d\u00favidas"}]},{"@type":"WebSite","@id":"https:\/\/gioppoeconti.com.br\/blog\/#website","url":"https:\/\/gioppoeconti.com.br\/blog\/","name":"Blog","description":"","potentialAction":[{"@type":"SearchAction","target":{"@type":"EntryPoint","urlTemplate":"https:\/\/gioppoeconti.com.br\/blog\/?s={search_term_string}"},"query-input":{"@type":"PropertyValueSpecification","valueRequired":true,"valueName":"search_term_string"}}],"inLanguage":"pt-BR"},{"@type":"Person","@id":"https:\/\/gioppoeconti.com.br\/blog\/#\/schema\/person\/55f24671052a48aa461627c2a1de9efa","name":"Gioppo&amp;Conti","image":{"@type":"ImageObject","inLanguage":"pt-BR","@id":"https:\/\/secure.gravatar.com\/avatar\/d62a93f131d21a85c7120e092fd5f94529d341aaad01f916df6bbb87b7f3bfeb?s=96&d=mm&r=g","url":"https:\/\/secure.gravatar.com\/avatar\/d62a93f131d21a85c7120e092fd5f94529d341aaad01f916df6bbb87b7f3bfeb?s=96&d=mm&r=g","contentUrl":"https:\/\/secure.gravatar.com\/avatar\/d62a93f131d21a85c7120e092fd5f94529d341aaad01f916df6bbb87b7f3bfeb?s=96&d=mm&r=g","caption":"Gioppo&amp;Conti"},"url":"https:\/\/gioppoeconti.com.br\/blog\/author\/blog\/"}]}},"_links":{"self":[{"href":"https:\/\/gioppoeconti.com.br\/blog\/wp-json\/wp\/v2\/posts\/6347","targetHints":{"allow":["GET"]}}],"collection":[{"href":"https:\/\/gioppoeconti.com.br\/blog\/wp-json\/wp\/v2\/posts"}],"about":[{"href":"https:\/\/gioppoeconti.com.br\/blog\/wp-json\/wp\/v2\/types\/post"}],"author":[{"embeddable":true,"href":"https:\/\/gioppoeconti.com.br\/blog\/wp-json\/wp\/v2\/users\/3"}],"replies":[{"embeddable":true,"href":"https:\/\/gioppoeconti.com.br\/blog\/wp-json\/wp\/v2\/comments?post=6347"}],"version-history":[{"count":1,"href":"https:\/\/gioppoeconti.com.br\/blog\/wp-json\/wp\/v2\/posts\/6347\/revisions"}],"predecessor-version":[{"id":6738,"href":"https:\/\/gioppoeconti.com.br\/blog\/wp-json\/wp\/v2\/posts\/6347\/revisions\/6738"}],"wp:featuredmedia":[{"embeddable":true,"href":"https:\/\/gioppoeconti.com.br\/blog\/wp-json\/wp\/v2\/media\/6348"}],"wp:attachment":[{"href":"https:\/\/gioppoeconti.com.br\/blog\/wp-json\/wp\/v2\/media?parent=6347"}],"wp:term":[{"taxonomy":"category","embeddable":true,"href":"https:\/\/gioppoeconti.com.br\/blog\/wp-json\/wp\/v2\/categories?post=6347"},{"taxonomy":"post_tag","embeddable":true,"href":"https:\/\/gioppoeconti.com.br\/blog\/wp-json\/wp\/v2\/tags?post=6347"}],"curies":[{"name":"wp","href":"https:\/\/api.w.org\/{rel}","templated":true}]}}