{"id":6188,"date":"2025-10-23T17:46:59","date_gmt":"2025-10-23T20:46:59","guid":{"rendered":"https:\/\/gioppoeconti.com.br\/?p=6188"},"modified":"2025-12-05T14:05:51","modified_gmt":"2025-12-05T14:05:51","slug":"emprego-europa-cidadania-2025-profissoes","status":"publish","type":"post","link":"https:\/\/gioppoeconti.com.br\/blog\/emprego-europa-cidadania-2025-profissoes\/","title":{"rendered":"Empregos em alta na Europa para quem tem cidadania europeia"},"content":{"rendered":"\n<p>A cidadania europeia \u00e9 muito mais do que um passaporte bonito ela \u00e9 uma porta aberta para o mercado de trabalho internacional, com acesso legal, simplificado e sem restri\u00e7\u00f5es a vagas em diversos pa\u00edses da Uni\u00e3o Europeia e do Espa\u00e7o Econ\u00f4mico Europeu.<\/p>\n\n\n\n<p>Em 2025, v\u00e1rios setores est\u00e3o em destaque na Europa, com alt\u00edssima demanda por profissionais qualificados, especialmente em \u00e1reas t\u00e9cnicas, digitais, de sa\u00fade e sustentabilidade. E a boa not\u00edcia \u00e9: com a cidadania europeia, voc\u00ea pode concorrer \u00e0s vagas como um cidad\u00e3o local, sem precisar de vistos ou autoriza\u00e7\u00f5es de trabalho.<\/p>\n\n\n\n<p>A seguir, listamos os principais empregos em alta na Europa em 2025, os pa\u00edses que mais contratam e dicas para quem est\u00e1 pronto para dar esse passo na carreira.<\/p>\n\n\n\n<p><\/p>\n\n\n\n<h2 class=\"wp-block-heading\"><strong>Profissionais de TI e Tecnologia<\/strong><\/h2>\n\n\n\n<p>A transforma\u00e7\u00e3o digital segue acelerada, e a demanda por profissionais de tecnologia continua crescente em toda a Europa. Com destaque para:<\/p>\n\n\n\n<ul class=\"wp-block-list\">\n<li>Desenvolvedores Full Stack, Back-end e Front-end<\/li>\n\n\n\n<li>Engenheiros de software e dados<\/li>\n\n\n\n<li>Especialistas em ciberseguran\u00e7a<\/li>\n\n\n\n<li>Profissionais de IA e machine learning<\/li>\n\n\n\n<li>Product Owners e UX Designers<br><br><\/li>\n<\/ul>\n\n\n\n<h2 class=\"wp-block-heading\"><strong>Profissionais da \u00e1rea da sa\u00fade<\/strong><\/h2>\n\n\n\n<p>A Europa enfrenta escassez de m\u00e9dicos, enfermeiros e cuidadores, especialmente em pa\u00edses com envelhecimento populacional acelerado. Isso faz da \u00e1rea da sa\u00fade uma das mais promissoras para quem tem cidadania europeia.<\/p>\n\n\n\n<p>Principais cargos com alta demanda:<\/p>\n\n\n\n<ul class=\"wp-block-list\">\n<li>Enfermeiros(as) (gerais e especializados)<\/li>\n\n\n\n<li>T\u00e9cnicos de enfermagem<\/li>\n\n\n\n<li>Fisioterapeutas<\/li>\n\n\n\n<li>Cuidadores de idosos<\/li>\n\n\n\n<li>M\u00e9dicos de fam\u00edlia e cl\u00ednicos gerais<br><br><br><\/li>\n<\/ul>\n\n\n\n<h2 class=\"wp-block-heading\"><strong>Engenheiros e t\u00e9cnicos industriais<\/strong><\/h2>\n\n\n\n<p>Com foco na reindustrializa\u00e7\u00e3o verde e digital da Europa, engenheiros s\u00e3o cada vez mais requisitados. H\u00e1 escassez tanto em \u00e1reas tradicionais quanto nas novas tecnologias.<\/p>\n\n\n\n<p>Perfis buscados:<\/p>\n\n\n\n<ul class=\"wp-block-list\">\n<li>Engenheiros mec\u00e2nicos e el\u00e9tricos<\/li>\n\n\n\n<li>Engenheiros civis e estruturais<\/li>\n\n\n\n<li>T\u00e9cnicos em automa\u00e7\u00e3o e manuten\u00e7\u00e3o industrial<\/li>\n\n\n\n<li>Especialistas em energias renov\u00e1veis<\/li>\n\n\n\n<li>Engenheiros ambientais<br><br><br><\/li>\n<\/ul>\n\n\n\n<h2 class=\"wp-block-heading\">&nbsp;<strong>Professores e educadores multil\u00edngues<\/strong><\/h2>\n\n\n\n<p>Com a internacionaliza\u00e7\u00e3o da educa\u00e7\u00e3o e o crescimento do ensino de idiomas, professores com flu\u00eancia em l\u00ednguas estrangeiras est\u00e3o em alta, especialmente quem domina ingl\u00eas, espanhol ou portugu\u00eas.<\/p>\n\n\n\n<p>\u00c1reas com mais oportunidades:<\/p>\n\n\n\n<ul class=\"wp-block-list\">\n<li>Ensino de idioma<\/li>\n\n\n\n<li>Educa\u00e7\u00e3o infantil e fundamental<\/li>\n\n\n\n<li>Educa\u00e7\u00e3o inclusiva<\/li>\n\n\n\n<li>Instrutores t\u00e9cnicos e de cursos profissionalizantes<br><br><\/li>\n<\/ul>\n\n\n\n<p><\/p>\n\n\n\n<h2 class=\"wp-block-heading\"><strong>&nbsp;Turismo, hotelaria e avia\u00e7\u00e3o<\/strong><\/h2>\n\n\n\n<p>Com a retomada do turismo no p\u00f3s-pandemia, o setor est\u00e1 contratando em massa. Falar portugu\u00eas pode ser um diferencial, especialmente em destinos populares entre brasileiros.<\/p>\n\n\n\n<p>Cargos com alta demanda:<\/p>\n\n\n\n<ul class=\"wp-block-list\">\n<li>Recepcionistas de hotel<\/li>\n\n\n\n<li>Guias tur\u00edsticos<\/li>\n\n\n\n<li>Agentes de viagem<\/li>\n\n\n\n<li>Comiss\u00e1rios de bordo<\/li>\n\n\n\n<li>Funcion\u00e1rios de aeroportos<br><br><br><\/li>\n<\/ul>\n\n\n\n<h2 class=\"wp-block-heading\"><strong>&nbsp;Constru\u00e7\u00e3o civil e servi\u00e7os gerais<\/strong><\/h2>\n\n\n\n<p>Setores como constru\u00e7\u00e3o civil, reformas e infraestrutura est\u00e3o aquecidos e carentes de m\u00e3o de obra em diversos pa\u00edses europeus.<\/p>\n\n\n\n<p>Perfis buscados:<\/p>\n\n\n\n<ul class=\"wp-block-list\">\n<li>Pedreiros, carpinteiros, encanadores, eletricistas<\/li>\n\n\n\n<li>Pintores e instaladores<\/li>\n\n\n\n<li>Limpeza e manuten\u00e7\u00e3o predial<\/li>\n\n\n\n<li>Jardineiros e zeladores<br><br><\/li>\n<\/ul>\n\n\n\n<p><\/p>\n\n\n\n<h3 class=\"wp-block-heading\"><strong>Profiss\u00f5es verdes e sustentabilidade<\/strong><\/h3>\n\n\n\n<p>Com o Pacto Verde Europeu, empregos voltados \u00e0 economia sustent\u00e1vel est\u00e3o crescendo ano ap\u00f3s ano.<\/p>\n\n\n\n<p>\u00c1reas em expans\u00e3o:<\/p>\n\n\n\n<div class=\"wp-block-group\"><div class=\"wp-block-group__inner-container is-layout-constrained wp-block-group-is-layout-constrained\">\n<ul class=\"wp-block-list\">\n<li>Gest\u00e3o de res\u00edduos e reciclagem &#8211;&nbsp;<\/li>\n\n\n\n<li>Energias renov\u00e1veis (solar, e\u00f3lica, h\u00eddrica)-&nbsp;<\/li>\n\n\n\n<li>Agricultura org\u00e2nica<\/li>\n\n\n\n<li>Consultoria ambiental<\/li>\n\n\n\n<li>Constru\u00e7\u00e3o sustent\u00e1vel<\/li>\n<\/ul>\n<\/div><\/div>\n\n\n\n<p><\/p>\n\n\n\n<p><br><\/p>\n\n\n\n<h2 class=\"wp-block-heading\"><strong>&nbsp;Por que a cidadania europeia faz toda a diferen\u00e7a?<\/strong><\/h2>\n\n\n\n<ul class=\"wp-block-list\">\n<li>Sem cidadania, o trabalhador brasileiro precisa de:<\/li>\n\n\n\n<li>Visto de trabalho (dif\u00edcil de conseguir)<\/li>\n\n\n\n<li>Contrato pr\u00e9vio com empresa que aceite patrocinar<\/li>\n\n\n\n<li>Restri\u00e7\u00f5es legais em muitos concursos e empregos p\u00fablicos<\/li>\n\n\n\n<li>Com cidadania europeia, voc\u00ea:<\/li>\n\n\n\n<li>Concorre de igual para igual com locais<\/li>\n\n\n\n<li>Pode morar e trabalhar legalmente em qualquer pa\u00eds da europa<\/li>\n\n\n\n<li>Tem acesso a benef\u00edcios sociais, previd\u00eancia e sa\u00fade p\u00fablica<\/li>\n\n\n\n<li>Elimina a burocracia com vistos ou permiss\u00f5es tempor\u00e1rias<\/li>\n<\/ul>\n\n\n\n<p><\/p>\n\n\n\n<p><\/p>\n\n\n\n<p>Ainda n\u00e3o tem o passaporte europeu, mas tem direito?<br>&#8211;&nbsp; A Gioppo&amp;Conti te ajuda em todas as etapas da busca documental at\u00e9 o reconhecimento da sua cidadania. <\/p>\n","protected":false},"excerpt":{"rendered":"<p>A cidadania europeia \u00e9 muito mais do que um passaporte bonito ela \u00e9 uma porta aberta para o mercado de trabalho internacional, com acesso legal, simplificado e sem restri\u00e7\u00f5es a vagas em diversos pa\u00edses da Uni\u00e3o Europeia e do Espa\u00e7o Econ\u00f4mico Europeu. Em 2025, v\u00e1rios setores est\u00e3o em destaque na Europa, com alt\u00edssima demanda por&hellip;&nbsp;<a href=\"https:\/\/gioppoeconti.com.br\/blog\/emprego-europa-cidadania-2025-profissoes\/\" rel=\"bookmark\"><span class=\"screen-reader-text\">Empregos em alta na Europa para quem tem cidadania europeia<\/span><\/a><\/p>\n","protected":false},"author":3,"featured_media":6189,"comment_status":"open","ping_status":"open","sticky":false,"template":"","format":"standard","meta":{"neve_meta_sidebar":"","neve_meta_container":"","neve_meta_enable_content_width":"","neve_meta_content_width":0,"neve_meta_title_alignment":"","neve_meta_author_avatar":"","neve_post_elements_order":"","neve_meta_disable_header":"","neve_meta_disable_footer":"","neve_meta_disable_title":"","footnotes":""},"categories":[3],"tags":[14,16,37,66],"class_list":["post-6188","post","type-post","status-publish","format-standard","has-post-thumbnail","hentry","category-cidadania-europeia","tag-cidadania","tag-cidadania-europeia","tag-em-alta","tag-profissoes"],"yoast_head":"<!-- This site is optimized with the Yoast SEO plugin v27.4 - https:\/\/yoast.com\/product\/yoast-seo-wordpress\/ -->\n<title>Empregos em alta na Europa para quem tem cidadania europeia - Blog<\/title>\n<meta name=\"description\" content=\"Em 2025, v\u00e1rios setores est\u00e3o em destaque na Europa, com alt\u00edssima demanda por profissionais qualificados, especialmente em \u00e1reas t\u00e9cnicas, digitais, de sa\u00fade e sustentabilidade. E a boa not\u00edcia \u00e9: com a cidadania europeia, voc\u00ea pode concorrer \u00e0s vagas como um cidad\u00e3o local, sem precisar de vistos ou autoriza\u00e7\u00f5es de trabalho.\" \/>\n<meta name=\"robots\" content=\"index, follow, max-snippet:-1, max-image-preview:large, max-video-preview:-1\" \/>\n<link rel=\"canonical\" href=\"https:\/\/gioppoeconti.com.br\/blog\/emprego-europa-cidadania-2025-profissoes\/\" \/>\n<meta property=\"og:locale\" content=\"pt_BR\" \/>\n<meta property=\"og:type\" content=\"article\" \/>\n<meta property=\"og:title\" content=\"Empregos em alta na Europa para quem tem cidadania europeia - Blog\" \/>\n<meta property=\"og:description\" content=\"Em 2025, v\u00e1rios setores est\u00e3o em destaque na Europa, com alt\u00edssima demanda por profissionais qualificados, especialmente em \u00e1reas t\u00e9cnicas, digitais, de sa\u00fade e sustentabilidade. E a boa not\u00edcia \u00e9: com a cidadania europeia, voc\u00ea pode concorrer \u00e0s vagas como um cidad\u00e3o local, sem precisar de vistos ou autoriza\u00e7\u00f5es de trabalho.\" \/>\n<meta property=\"og:url\" content=\"https:\/\/gioppoeconti.com.br\/blog\/emprego-europa-cidadania-2025-profissoes\/\" \/>\n<meta property=\"og:site_name\" content=\"Blog\" \/>\n<meta property=\"article:published_time\" content=\"2025-10-23T20:46:59+00:00\" \/>\n<meta property=\"article:modified_time\" content=\"2025-12-05T14:05:51+00:00\" \/>\n<meta name=\"author\" content=\"Gioppo&amp;Conti\" \/>\n<meta name=\"twitter:card\" content=\"summary_large_image\" \/>\n<meta name=\"twitter:label1\" content=\"Escrito por\" \/>\n\t<meta name=\"twitter:data1\" content=\"Gioppo&amp;Conti\" \/>\n\t<meta name=\"twitter:label2\" content=\"Est. tempo de leitura\" \/>\n\t<meta name=\"twitter:data2\" content=\"4 minutos\" \/>\n<script type=\"application\/ld+json\" class=\"yoast-schema-graph\">{\"@context\":\"https:\\\/\\\/schema.org\",\"@graph\":[{\"@type\":\"Article\",\"@id\":\"https:\\\/\\\/gioppoeconti.com.br\\\/blog\\\/emprego-europa-cidadania-2025-profissoes\\\/#article\",\"isPartOf\":{\"@id\":\"https:\\\/\\\/gioppoeconti.com.br\\\/blog\\\/emprego-europa-cidadania-2025-profissoes\\\/\"},\"author\":{\"name\":\"Gioppo&amp;Conti\",\"@id\":\"https:\\\/\\\/gioppoeconti.com.br\\\/blog\\\/#\\\/schema\\\/person\\\/55f24671052a48aa461627c2a1de9efa\"},\"headline\":\"Empregos em alta na Europa para quem tem cidadania europeia\",\"datePublished\":\"2025-10-23T20:46:59+00:00\",\"dateModified\":\"2025-12-05T14:05:51+00:00\",\"mainEntityOfPage\":{\"@id\":\"https:\\\/\\\/gioppoeconti.com.br\\\/blog\\\/emprego-europa-cidadania-2025-profissoes\\\/\"},\"wordCount\":658,\"commentCount\":0,\"image\":{\"@id\":\"https:\\\/\\\/gioppoeconti.com.br\\\/blog\\\/emprego-europa-cidadania-2025-profissoes\\\/#primaryimage\"},\"thumbnailUrl\":\"https:\\\/\\\/gioppoeconti.com.br\\\/blog\\\/wp-content\\\/uploads\\\/2025\\\/10\\\/ai-generated-8818857_1280.avif\",\"keywords\":[\"cidadania\",\"cidadania europeia\",\"em alta\",\"profiss\u00f5es\"],\"articleSection\":[\"Cidadania Europeia\"],\"inLanguage\":\"pt-BR\",\"potentialAction\":[{\"@type\":\"CommentAction\",\"name\":\"Comment\",\"target\":[\"https:\\\/\\\/gioppoeconti.com.br\\\/blog\\\/emprego-europa-cidadania-2025-profissoes\\\/#respond\"]}]},{\"@type\":\"WebPage\",\"@id\":\"https:\\\/\\\/gioppoeconti.com.br\\\/blog\\\/emprego-europa-cidadania-2025-profissoes\\\/\",\"url\":\"https:\\\/\\\/gioppoeconti.com.br\\\/blog\\\/emprego-europa-cidadania-2025-profissoes\\\/\",\"name\":\"Empregos em alta na Europa para quem tem cidadania europeia - Blog\",\"isPartOf\":{\"@id\":\"https:\\\/\\\/gioppoeconti.com.br\\\/blog\\\/#website\"},\"primaryImageOfPage\":{\"@id\":\"https:\\\/\\\/gioppoeconti.com.br\\\/blog\\\/emprego-europa-cidadania-2025-profissoes\\\/#primaryimage\"},\"image\":{\"@id\":\"https:\\\/\\\/gioppoeconti.com.br\\\/blog\\\/emprego-europa-cidadania-2025-profissoes\\\/#primaryimage\"},\"thumbnailUrl\":\"https:\\\/\\\/gioppoeconti.com.br\\\/blog\\\/wp-content\\\/uploads\\\/2025\\\/10\\\/ai-generated-8818857_1280.avif\",\"datePublished\":\"2025-10-23T20:46:59+00:00\",\"dateModified\":\"2025-12-05T14:05:51+00:00\",\"author\":{\"@id\":\"https:\\\/\\\/gioppoeconti.com.br\\\/blog\\\/#\\\/schema\\\/person\\\/55f24671052a48aa461627c2a1de9efa\"},\"description\":\"Em 2025, v\u00e1rios setores est\u00e3o em destaque na Europa, com alt\u00edssima demanda por profissionais qualificados, especialmente em \u00e1reas t\u00e9cnicas, digitais, de sa\u00fade e sustentabilidade. E a boa not\u00edcia \u00e9: com a cidadania europeia, voc\u00ea pode concorrer \u00e0s vagas como um cidad\u00e3o local, sem precisar de vistos ou autoriza\u00e7\u00f5es de trabalho.\",\"breadcrumb\":{\"@id\":\"https:\\\/\\\/gioppoeconti.com.br\\\/blog\\\/emprego-europa-cidadania-2025-profissoes\\\/#breadcrumb\"},\"inLanguage\":\"pt-BR\",\"potentialAction\":[{\"@type\":\"ReadAction\",\"target\":[\"https:\\\/\\\/gioppoeconti.com.br\\\/blog\\\/emprego-europa-cidadania-2025-profissoes\\\/\"]}]},{\"@type\":\"ImageObject\",\"inLanguage\":\"pt-BR\",\"@id\":\"https:\\\/\\\/gioppoeconti.com.br\\\/blog\\\/emprego-europa-cidadania-2025-profissoes\\\/#primaryimage\",\"url\":\"https:\\\/\\\/gioppoeconti.com.br\\\/blog\\\/wp-content\\\/uploads\\\/2025\\\/10\\\/ai-generated-8818857_1280.avif\",\"contentUrl\":\"https:\\\/\\\/gioppoeconti.com.br\\\/blog\\\/wp-content\\\/uploads\\\/2025\\\/10\\\/ai-generated-8818857_1280.avif\",\"width\":1280,\"height\":876},{\"@type\":\"BreadcrumbList\",\"@id\":\"https:\\\/\\\/gioppoeconti.com.br\\\/blog\\\/emprego-europa-cidadania-2025-profissoes\\\/#breadcrumb\",\"itemListElement\":[{\"@type\":\"ListItem\",\"position\":1,\"name\":\"In\u00edcio\",\"item\":\"https:\\\/\\\/gioppoeconti.com.br\\\/blog\\\/\"},{\"@type\":\"ListItem\",\"position\":2,\"name\":\"Empregos em alta na Europa para quem tem cidadania europeia\"}]},{\"@type\":\"WebSite\",\"@id\":\"https:\\\/\\\/gioppoeconti.com.br\\\/blog\\\/#website\",\"url\":\"https:\\\/\\\/gioppoeconti.com.br\\\/blog\\\/\",\"name\":\"Blog\",\"description\":\"\",\"potentialAction\":[{\"@type\":\"SearchAction\",\"target\":{\"@type\":\"EntryPoint\",\"urlTemplate\":\"https:\\\/\\\/gioppoeconti.com.br\\\/blog\\\/?s={search_term_string}\"},\"query-input\":{\"@type\":\"PropertyValueSpecification\",\"valueRequired\":true,\"valueName\":\"search_term_string\"}}],\"inLanguage\":\"pt-BR\"},{\"@type\":\"Person\",\"@id\":\"https:\\\/\\\/gioppoeconti.com.br\\\/blog\\\/#\\\/schema\\\/person\\\/55f24671052a48aa461627c2a1de9efa\",\"name\":\"Gioppo&amp;Conti\",\"image\":{\"@type\":\"ImageObject\",\"inLanguage\":\"pt-BR\",\"@id\":\"https:\\\/\\\/secure.gravatar.com\\\/avatar\\\/d62a93f131d21a85c7120e092fd5f94529d341aaad01f916df6bbb87b7f3bfeb?s=96&d=mm&r=g\",\"url\":\"https:\\\/\\\/secure.gravatar.com\\\/avatar\\\/d62a93f131d21a85c7120e092fd5f94529d341aaad01f916df6bbb87b7f3bfeb?s=96&d=mm&r=g\",\"contentUrl\":\"https:\\\/\\\/secure.gravatar.com\\\/avatar\\\/d62a93f131d21a85c7120e092fd5f94529d341aaad01f916df6bbb87b7f3bfeb?s=96&d=mm&r=g\",\"caption\":\"Gioppo&amp;Conti\"},\"url\":\"https:\\\/\\\/gioppoeconti.com.br\\\/blog\\\/author\\\/blog\\\/\"}]}<\/script>\n<!-- \/ Yoast SEO plugin. -->","yoast_head_json":{"title":"Empregos em alta na Europa para quem tem cidadania europeia - Blog","description":"Em 2025, v\u00e1rios setores est\u00e3o em destaque na Europa, com alt\u00edssima demanda por profissionais qualificados, especialmente em \u00e1reas t\u00e9cnicas, digitais, de sa\u00fade e sustentabilidade. E a boa not\u00edcia \u00e9: com a cidadania europeia, voc\u00ea pode concorrer \u00e0s vagas como um cidad\u00e3o local, sem precisar de vistos ou autoriza\u00e7\u00f5es de trabalho.","robots":{"index":"index","follow":"follow","max-snippet":"max-snippet:-1","max-image-preview":"max-image-preview:large","max-video-preview":"max-video-preview:-1"},"canonical":"https:\/\/gioppoeconti.com.br\/blog\/emprego-europa-cidadania-2025-profissoes\/","og_locale":"pt_BR","og_type":"article","og_title":"Empregos em alta na Europa para quem tem cidadania europeia - Blog","og_description":"Em 2025, v\u00e1rios setores est\u00e3o em destaque na Europa, com alt\u00edssima demanda por profissionais qualificados, especialmente em \u00e1reas t\u00e9cnicas, digitais, de sa\u00fade e sustentabilidade. E a boa not\u00edcia \u00e9: com a cidadania europeia, voc\u00ea pode concorrer \u00e0s vagas como um cidad\u00e3o local, sem precisar de vistos ou autoriza\u00e7\u00f5es de trabalho.","og_url":"https:\/\/gioppoeconti.com.br\/blog\/emprego-europa-cidadania-2025-profissoes\/","og_site_name":"Blog","article_published_time":"2025-10-23T20:46:59+00:00","article_modified_time":"2025-12-05T14:05:51+00:00","author":"Gioppo&amp;Conti","twitter_card":"summary_large_image","twitter_misc":{"Escrito por":"Gioppo&amp;Conti","Est. tempo de leitura":"4 minutos"},"schema":{"@context":"https:\/\/schema.org","@graph":[{"@type":"Article","@id":"https:\/\/gioppoeconti.com.br\/blog\/emprego-europa-cidadania-2025-profissoes\/#article","isPartOf":{"@id":"https:\/\/gioppoeconti.com.br\/blog\/emprego-europa-cidadania-2025-profissoes\/"},"author":{"name":"Gioppo&amp;Conti","@id":"https:\/\/gioppoeconti.com.br\/blog\/#\/schema\/person\/55f24671052a48aa461627c2a1de9efa"},"headline":"Empregos em alta na Europa para quem tem cidadania europeia","datePublished":"2025-10-23T20:46:59+00:00","dateModified":"2025-12-05T14:05:51+00:00","mainEntityOfPage":{"@id":"https:\/\/gioppoeconti.com.br\/blog\/emprego-europa-cidadania-2025-profissoes\/"},"wordCount":658,"commentCount":0,"image":{"@id":"https:\/\/gioppoeconti.com.br\/blog\/emprego-europa-cidadania-2025-profissoes\/#primaryimage"},"thumbnailUrl":"https:\/\/gioppoeconti.com.br\/blog\/wp-content\/uploads\/2025\/10\/ai-generated-8818857_1280.avif","keywords":["cidadania","cidadania europeia","em alta","profiss\u00f5es"],"articleSection":["Cidadania Europeia"],"inLanguage":"pt-BR","potentialAction":[{"@type":"CommentAction","name":"Comment","target":["https:\/\/gioppoeconti.com.br\/blog\/emprego-europa-cidadania-2025-profissoes\/#respond"]}]},{"@type":"WebPage","@id":"https:\/\/gioppoeconti.com.br\/blog\/emprego-europa-cidadania-2025-profissoes\/","url":"https:\/\/gioppoeconti.com.br\/blog\/emprego-europa-cidadania-2025-profissoes\/","name":"Empregos em alta na Europa para quem tem cidadania europeia - Blog","isPartOf":{"@id":"https:\/\/gioppoeconti.com.br\/blog\/#website"},"primaryImageOfPage":{"@id":"https:\/\/gioppoeconti.com.br\/blog\/emprego-europa-cidadania-2025-profissoes\/#primaryimage"},"image":{"@id":"https:\/\/gioppoeconti.com.br\/blog\/emprego-europa-cidadania-2025-profissoes\/#primaryimage"},"thumbnailUrl":"https:\/\/gioppoeconti.com.br\/blog\/wp-content\/uploads\/2025\/10\/ai-generated-8818857_1280.avif","datePublished":"2025-10-23T20:46:59+00:00","dateModified":"2025-12-05T14:05:51+00:00","author":{"@id":"https:\/\/gioppoeconti.com.br\/blog\/#\/schema\/person\/55f24671052a48aa461627c2a1de9efa"},"description":"Em 2025, v\u00e1rios setores est\u00e3o em destaque na Europa, com alt\u00edssima demanda por profissionais qualificados, especialmente em \u00e1reas t\u00e9cnicas, digitais, de sa\u00fade e sustentabilidade. E a boa not\u00edcia \u00e9: com a cidadania europeia, voc\u00ea pode concorrer \u00e0s vagas como um cidad\u00e3o local, sem precisar de vistos ou autoriza\u00e7\u00f5es de trabalho.","breadcrumb":{"@id":"https:\/\/gioppoeconti.com.br\/blog\/emprego-europa-cidadania-2025-profissoes\/#breadcrumb"},"inLanguage":"pt-BR","potentialAction":[{"@type":"ReadAction","target":["https:\/\/gioppoeconti.com.br\/blog\/emprego-europa-cidadania-2025-profissoes\/"]}]},{"@type":"ImageObject","inLanguage":"pt-BR","@id":"https:\/\/gioppoeconti.com.br\/blog\/emprego-europa-cidadania-2025-profissoes\/#primaryimage","url":"https:\/\/gioppoeconti.com.br\/blog\/wp-content\/uploads\/2025\/10\/ai-generated-8818857_1280.avif","contentUrl":"https:\/\/gioppoeconti.com.br\/blog\/wp-content\/uploads\/2025\/10\/ai-generated-8818857_1280.avif","width":1280,"height":876},{"@type":"BreadcrumbList","@id":"https:\/\/gioppoeconti.com.br\/blog\/emprego-europa-cidadania-2025-profissoes\/#breadcrumb","itemListElement":[{"@type":"ListItem","position":1,"name":"In\u00edcio","item":"https:\/\/gioppoeconti.com.br\/blog\/"},{"@type":"ListItem","position":2,"name":"Empregos em alta na Europa para quem tem cidadania europeia"}]},{"@type":"WebSite","@id":"https:\/\/gioppoeconti.com.br\/blog\/#website","url":"https:\/\/gioppoeconti.com.br\/blog\/","name":"Blog","description":"","potentialAction":[{"@type":"SearchAction","target":{"@type":"EntryPoint","urlTemplate":"https:\/\/gioppoeconti.com.br\/blog\/?s={search_term_string}"},"query-input":{"@type":"PropertyValueSpecification","valueRequired":true,"valueName":"search_term_string"}}],"inLanguage":"pt-BR"},{"@type":"Person","@id":"https:\/\/gioppoeconti.com.br\/blog\/#\/schema\/person\/55f24671052a48aa461627c2a1de9efa","name":"Gioppo&amp;Conti","image":{"@type":"ImageObject","inLanguage":"pt-BR","@id":"https:\/\/secure.gravatar.com\/avatar\/d62a93f131d21a85c7120e092fd5f94529d341aaad01f916df6bbb87b7f3bfeb?s=96&d=mm&r=g","url":"https:\/\/secure.gravatar.com\/avatar\/d62a93f131d21a85c7120e092fd5f94529d341aaad01f916df6bbb87b7f3bfeb?s=96&d=mm&r=g","contentUrl":"https:\/\/secure.gravatar.com\/avatar\/d62a93f131d21a85c7120e092fd5f94529d341aaad01f916df6bbb87b7f3bfeb?s=96&d=mm&r=g","caption":"Gioppo&amp;Conti"},"url":"https:\/\/gioppoeconti.com.br\/blog\/author\/blog\/"}]}},"_links":{"self":[{"href":"https:\/\/gioppoeconti.com.br\/blog\/wp-json\/wp\/v2\/posts\/6188","targetHints":{"allow":["GET"]}}],"collection":[{"href":"https:\/\/gioppoeconti.com.br\/blog\/wp-json\/wp\/v2\/posts"}],"about":[{"href":"https:\/\/gioppoeconti.com.br\/blog\/wp-json\/wp\/v2\/types\/post"}],"author":[{"embeddable":true,"href":"https:\/\/gioppoeconti.com.br\/blog\/wp-json\/wp\/v2\/users\/3"}],"replies":[{"embeddable":true,"href":"https:\/\/gioppoeconti.com.br\/blog\/wp-json\/wp\/v2\/comments?post=6188"}],"version-history":[{"count":1,"href":"https:\/\/gioppoeconti.com.br\/blog\/wp-json\/wp\/v2\/posts\/6188\/revisions"}],"predecessor-version":[{"id":6736,"href":"https:\/\/gioppoeconti.com.br\/blog\/wp-json\/wp\/v2\/posts\/6188\/revisions\/6736"}],"wp:featuredmedia":[{"embeddable":true,"href":"https:\/\/gioppoeconti.com.br\/blog\/wp-json\/wp\/v2\/media\/6189"}],"wp:attachment":[{"href":"https:\/\/gioppoeconti.com.br\/blog\/wp-json\/wp\/v2\/media?parent=6188"}],"wp:term":[{"taxonomy":"category","embeddable":true,"href":"https:\/\/gioppoeconti.com.br\/blog\/wp-json\/wp\/v2\/categories?post=6188"},{"taxonomy":"post_tag","embeddable":true,"href":"https:\/\/gioppoeconti.com.br\/blog\/wp-json\/wp\/v2\/tags?post=6188"}],"curies":[{"name":"wp","href":"https:\/\/api.w.org\/{rel}","templated":true}]}}